{"id":34,"date":"2011-01-18T15:59:00","date_gmt":"2011-01-18T14:59:00","guid":{"rendered":"http:\/\/192.168.3.11\/wordpress\/?p=34"},"modified":"2024-01-30T17:11:11","modified_gmt":"2024-01-30T16:11:11","slug":"18-01-2011","status":"publish","type":"post","link":"http:\/\/dachgeschoss.dnsalias.com\/wordpress\/2011\/01\/18\/18-01-2011\/","title":{"rendered":"18.01.2011"},"content":{"rendered":"\n<p>Hallo Ihr Lieben,<\/p>\n\n\n\n<p>&nbsp;ich melde mich mal wieder bei Euch. Auf den Tag genau bin ich nun 6 Wochen alt und wiege 4980g, trage fast Kleidergr\u00f6\u00dfe 62 und halte meine Eltern weiterhin ganz sch\u00f6n auf Trapp. Zurzeit haben sie ganz sch\u00f6n mit meinen Bl\u00e4hungen zu tun. Das kostet sie so manche Nacht, aber ich verspreche ihnen, dass das mit 3 Monaten ein Ende haben wird (sagt jedenfalls mein Kinderarzt) ;-). Daf\u00fcr schlafe ich dann am Tag umso besser.<\/p>\n\n\n\n<p>Sonst genie\u00dfe ich sehr die Zeit mit meiner Mama Zuhause. Wir gehen \u00f6fter mit meinem Kumpel Moritz (4 Wochen \u00e4lter als ich) und seiner Mama bei Wind und Wetter spazieren und freitags gehe ich nun seit einer Woche zur Babymassage. Leider liegt das genau in meiner Vormittagsschlafphase und meine Mittagsmahlzeit f\u00e4llt au\u00dferdem in diese Zeit, so dass ich die Massage an sich noch nicht genie\u00dfen konnte. Aber sonst war es sehr interessant. Meine Mitstreiter sind bis auf einen 3 Monate alten Jungen, der nur am Schreien war, alles \u00e4ltere M\u00e4dchen, die mit 12 Wochen teilweise weniger wiegen als ich. Immer diese Frauen, die auf Ihre Linie achten. Ich muss schon gestehen, die M\u00e4dchen waren spannender als die Massage. Ich komme wohl ganz nach meinem Papa;-).<\/p>\n\n\n\n<p>Sonst gibt es nichts Neues bei uns. Ich habe auch meine Nachtschlafphasen (noch) nicht verl\u00e4ngert . Arme Mama! Na ja, sie wird es schon verkraften. An meinen 3 Stundenrhythmus halte ich mich bis auf einige Ausnahmen doch ziemlich genau, so dass mein Papa fr\u00fch gar keinen Wecker mehr braucht. Leider gibt es auch keine Ausnahme am Wochenende;-).&nbsp;<\/p>\n\n\n\n<p>Bis dann&nbsp;<\/p>\n\n\n\n<p>Eure 3 Wendorfs<\/p>\n","protected":false},"excerpt":{"rendered":"<p>Hallo Ihr Lieben, &nbsp;ich melde mich mal wieder bei Euch. Auf den Tag genau bin ich nun 6 Wochen alt und wiege 4980g, trage fast Kleidergr\u00f6\u00dfe 62 und halte meine Eltern weiterhin ganz sch\u00f6n auf Trapp. Zurzeit haben sie ganz sch\u00f6n mit meinen Bl\u00e4hungen zu tun. Das kostet sie so manche Nacht, aber ich verspreche &hellip; <a href=\"http:\/\/dachgeschoss.dnsalias.com\/wordpress\/2011\/01\/18\/18-01-2011\/\" class=\"more-link\"><span class=\"screen-reader-text\">18.01.2011<\/span> weiterlesen <span class=\"meta-nav\">&rarr;<\/span><\/a><\/p>\n","protected":false},"author":1,"featured_media":0,"comment_status":"closed","ping_status":"","sticky":false,"template":"","format":"standard","meta":[],"categories":[1],"tags":[],"_links":{"self":[{"href":"http:\/\/dachgeschoss.dnsalias.com\/wordpress\/wp-json\/wp\/v2\/posts\/34"}],"collection":[{"href":"http:\/\/dachgeschoss.dnsalias.com\/wordpress\/wp-json\/wp\/v2\/posts"}],"about":[{"href":"http:\/\/dachgeschoss.dnsalias.com\/wordpress\/wp-json\/wp\/v2\/types\/post"}],"author":[{"embeddable":true,"href":"http:\/\/dachgeschoss.dnsalias.com\/wordpress\/wp-json\/wp\/v2\/users\/1"}],"replies":[{"embeddable":true,"href":"http:\/\/dachgeschoss.dnsalias.com\/wordpress\/wp-json\/wp\/v2\/comments?post=34"}],"version-history":[{"count":1,"href":"http:\/\/dachgeschoss.dnsalias.com\/wordpress\/wp-json\/wp\/v2\/posts\/34\/revisions"}],"predecessor-version":[{"id":35,"href":"http:\/\/dachgeschoss.dnsalias.com\/wordpress\/wp-json\/wp\/v2\/posts\/34\/revisions\/35"}],"wp:attachment":[{"href":"http:\/\/dachgeschoss.dnsalias.com\/wordpress\/wp-json\/wp\/v2\/media?parent=34"}],"wp:term":[{"taxonomy":"category","embeddable":true,"href":"http:\/\/dachgeschoss.dnsalias.com\/wordpress\/wp-json\/wp\/v2\/categories?post=34"},{"taxonomy":"post_tag","embeddable":true,"href":"http:\/\/dachgeschoss.dnsalias.com\/wordpress\/wp-json\/wp\/v2\/tags?post=34"}],"curies":[{"name":"wp","href":"https:\/\/api.w.org\/{rel}","templated":true}]}}