{"id":335,"date":"2015-10-24T20:19:00","date_gmt":"2015-10-24T18:19:00","guid":{"rendered":"http:\/\/192.168.3.11\/wordpress\/?p=335"},"modified":"2024-01-30T20:52:40","modified_gmt":"2024-01-30T19:52:40","slug":"eine-kleine-sonnenpause","status":"publish","type":"post","link":"http:\/\/dachgeschoss.dnsalias.com\/wordpress\/2015\/10\/24\/eine-kleine-sonnenpause\/","title":{"rendered":"Eine kleine Sonnenpause"},"content":{"rendered":"\n<p>Hall\u00f6chen Ihr Lieben,<\/p>\n\n\n\n<p>wir haben uns die letzten 7 Tage eine kleine Auszeit auf der Insel Mallorca geg\u00f6nnt;-). Bei 6 Grad und Nachtfrost sind wir letzten Samstag in den Flieger nach Palma de Mallorca gestiegen. F\u00fcr mich (Matti) und Ole war es das erste Mal fliegen in unserem Leben. Ich (Matti) war Tage vorher bereits v\u00f6llig aus dem H\u00e4uschen und wir haben uns gr\u00fcndlich mit B\u00fcchern von Flugzeugen und Flugh\u00e4fen auf den ersten Flug vorbereitet. Es war einfach genial. Viel besser als Auto fahren!!!!!!<\/p>\n\n\n\n<p>Gegen 19 Uhr sind wir bei angenehmen 21 Grad auf der Insel gelandet. Vom Flughafen ging es dann mit einem Transferbus in unser Hotel in Can Picafort im Nordosten der Insel. Gegen 21.30 Uhr sind wir alle hundem\u00fcde, aber gl\u00fccklich ins Bett.<\/p>\n\n\n\n<p>Der erste Tag begann mit einem gem\u00fctlichem Fr\u00fchst\u00fcck in unserem Hotel und dann ging es endlich ab an den Strand. Bei warmen 26 Grad und kistallklarem Wasser haben wir den ganzen Tag am Stadtstrand von Can Picafort verbracht und erste Eindr\u00fccke auf uns wirken lassen.Und wir haben uns einen Mietwagen f\u00fcr die n\u00e4chsten Tage gebucht, um die Insel ein wenig mehr erkunden zu k\u00f6nnen. Und wir haben wie immer ein landestypisches Fussballtrikot gekauft. Ich (Matti) bin Ronaldo und Ole ist Messi;-).<\/p>\n\n\n\n<p>Den Montag haben wir mit einem ausgiebigen Stadtbummel in der Hauptstadt Palma verbracht. An jeder Ecke gab es so viel zu entdecken: viele Strassenk\u00fcnstler, Cafes, kleine gem\u00fctliche Gassen, Spielpl\u00e4tze und historische Bauwerke&#8230;. Der Tag in der Hauptstadt hat uns sehr gefallen&#8230;.<\/p>\n\n\n\n<p>In der Nacht von Montag auf Dienstag bin ich (Matti) mit hohem Fieber und Kopfschmerzen aufgewacht, aber Dank Mamas Zaubersaft ging es mir am n\u00e4chsten Morgen schon wieder besser. Wir haben uns an dem Vormittag die historische Altstadt der Nachbarstadt Alcudia angesehen. Wir sind \u00fcber den Basr geschlendert und haben uns frische Wurst und Fr\u00fcchte gekauft, die wir dann zum Mittagessen auf unserem Balkon verzehrt haben. Danach gab es eine ausgiebige Mittagspause und den Nachmittag habe ich mit Mama im Bett verbracht, um mich noch etwas auszuruhen. Papa und Ole haben in der Zeit einen ausf\u00fchrlichen Stadtbummel und Strandspaziergang gemacht.<\/p>\n\n\n\n<p>Der Mittwoch war leider etwas verregnet und sehr st\u00fcrmisch, so dass wir ins Aquarium nach Palma gefahren sind und uns den gesamten Vormittag mit den Bewohnern der Meere vergn\u00fcgt haben. Highlight war sicherlich das gro\u00dfe Haibecken und die Haif\u00fctterung. Nur leider werden die Haie dort jeden Tag von Tauchern gef\u00fcttert, so dass sie gar kein Hunger auf irgendetwas hatten:-(. Nach einer Mittagspause am Strand sind wir \u00fcber das h\u00f6chste Gebirge der Insel- das Tramuntanagebirge ins Hotel zur\u00fcck. Eine wundersch\u00f6ne Landschaft, die Mama und Papa gleich zum Wandern inspiriert hat.<\/p>\n\n\n\n<p>Und so sind wir am Donnerstag bei herrlichem Sonnenschein durch das Tramuntanagebirge zum n\u00f6rdlichsten Punkt der Insel, dem Cap Formentor gewandert. Ole auf Papas R\u00fccken und Matti ist wie ein erfahrener Wanderer bis zum Ziel mit gro\u00dfer Freude gelaufen. Nur der R\u00fcckweg w\u00e4re doch zu weit&nbsp; gewesen, so dass Papa auf der Strasse bis zum Auto gejoggt ist und uns vom Cap abgeholt hat. Wundersch\u00f6ne Aussichten \u00fcber das Mittelmeer haben uns die Wanderung vers\u00fcsst. Zur Belohnung haben wir den Nachmittag am Strand von Formentor mit baden, im Sand toben und Papa sogar mit seiner neuen Taucherbrille mit Schnorcheln verbracht. Und als kr\u00f6nnenden Abschluss haben wir uns ein Abendessen in einem gem\u00fctlichen Restaurant in Alcudias Altstadt geg\u00f6nnt. Das Essen war zum Gl\u00fcck sehr schmackhaft, denn das im Hotel war es leider nicht. Zufrieden und m\u00fcde sind wir abends ins Bett gefallen. Mama und Papa haben die Abende meist auf dem Balkon bei einem leckeren alkoholischem Getr\u00e4nk ausklingen lassen.<\/p>\n\n\n\n<p>An unserem letzten Urlaubstag haben wir uns Fahrr\u00e4der ausgeliehen, um eine tolle Bucht, die wir per Google Earth gefunden haben, zu besichtigen. Zun\u00e4chst haben wir jedoch eine Bade- und Tobepause bei warmen 26 Grad am Strand von Alcudia gemacht. Nach einer leckeren Mittagspause in einem Strandrestaurant wollten wir mit gro\u00dfem Tatendrang weiter. Nur leider haben Mama und Papa immer sehr viel Gl\u00fcck mit ihren R\u00e4dern. Papas Ventil vom Vorderrad war hin\u00fcber&#8230;..Keiner konnte und wollte es reparieren. Und die, die es h\u00e4tten reparieren k\u00f6nnen, hatten Siesta bis 15 Uhr;-(. So kamen meine Eltern auf die glorreiche Idee, sich ein neues Fahrrad auszuleihen und das kaputte dort stehen zu lassen. Gesagt getan ein paar Kilomter sp\u00e4ter waren wir an unserem Ziel angekommen. Nun gab es noche eine kleine Wandertour bergab \u00fcber Felswege zur Bucht. Leider waren die letzten Meter f\u00fcr uns nicht mehr machbar, da der schmale Weg nur noch aus Felsen, die steil \u00fcber dem Meer rausragten, bestand. So ehrgeizig Mama und Papa auch sind, aber das haben sie gl\u00fccklicherweise nicht gewagt. Zumal sie auf dem Weg dorthin die Leute bereits gewarnt hatten;-). Also ging es den steilen Wanderweg wieder zur\u00fcck zum Fahrrad und in Windeseile zur\u00fcck nach Can Picafort. Dort angekommen, hat Papa vom ersten Fahrradh\u00e4ndler, den Privatwagen bekommen, um das Fahrrad der anderen Verleihstelle zur\u00fcckzubringen und das kaputte zu holen. Der H\u00e4ndler nahm die ganze Sache sehr gelassen und hatte schon gar keine Lust uns Geld zur\u00fcckzugeben&#8230;.Trotzdem war es ein gelungener Ausflug und so unkompliziert w\u00e4re es in Deutschland nicht gelaufen. So ging f\u00fcr mich (Matti) der letzte Tag auf Mallorca mit einem weniger leckeren Abendessen, aber daf\u00fcr 6 Kugeln Eis (als Belohnung f\u00fcr das Wandern) zu Ende.<\/p>\n\n\n\n<p>Heute sind wir nach einem kurzen Strandaufenthalt mit einem Transferbus nach Palma zum Flughafen und 1,5 Flugstunden sp\u00e4ter wieder sicher Zuhause gelandet. Das Saarland begr\u00fc\u00dfte uns mit Sonnenschein und 15 Grad. Also gar nicht so eine gro\u00dfe Umstellung;-).<\/p>\n\n\n\n<p>Es war ein toller Urlaub und Mallorca ist eine Reise wert. Zwar wird an einigen Ecken das Klischee des dicken dummen Deutschen, der die Insel \u00fcberv\u00f6lkert, best\u00e4tigt, aber es gibt weit mehr zu entdecken als das. Und gerade f\u00fcr Fahrrad oder- Wanderbegeisterte ist es ein Paradies.<\/p>\n\n\n\n<p>Das so viel von uns.<\/p>\n\n\n\n<p>Alles Liebe bis bald<\/p>\n\n\n\n<p>Eure 4 Wend\u00f6rfer<\/p>\n","protected":false},"excerpt":{"rendered":"<p>Hall\u00f6chen Ihr Lieben, wir haben uns die letzten 7 Tage eine kleine Auszeit auf der Insel Mallorca geg\u00f6nnt;-). Bei 6 Grad und Nachtfrost sind wir letzten Samstag in den Flieger nach Palma de Mallorca gestiegen. F\u00fcr mich (Matti) und Ole war es das erste Mal fliegen in unserem Leben. Ich (Matti) war Tage vorher bereits &hellip; <a href=\"http:\/\/dachgeschoss.dnsalias.com\/wordpress\/2015\/10\/24\/eine-kleine-sonnenpause\/\" class=\"more-link\"><span class=\"screen-reader-text\">Eine kleine Sonnenpause<\/span> weiterlesen <span class=\"meta-nav\">&rarr;<\/span><\/a><\/p>\n","protected":false},"author":1,"featured_media":0,"comment_status":"closed","ping_status":"","sticky":false,"template":"","format":"standard","meta":[],"categories":[1],"tags":[],"_links":{"self":[{"href":"http:\/\/dachgeschoss.dnsalias.com\/wordpress\/wp-json\/wp\/v2\/posts\/335"}],"collection":[{"href":"http:\/\/dachgeschoss.dnsalias.com\/wordpress\/wp-json\/wp\/v2\/posts"}],"about":[{"href":"http:\/\/dachgeschoss.dnsalias.com\/wordpress\/wp-json\/wp\/v2\/types\/post"}],"author":[{"embeddable":true,"href":"http:\/\/dachgeschoss.dnsalias.com\/wordpress\/wp-json\/wp\/v2\/users\/1"}],"replies":[{"embeddable":true,"href":"http:\/\/dachgeschoss.dnsalias.com\/wordpress\/wp-json\/wp\/v2\/comments?post=335"}],"version-history":[{"count":1,"href":"http:\/\/dachgeschoss.dnsalias.com\/wordpress\/wp-json\/wp\/v2\/posts\/335\/revisions"}],"predecessor-version":[{"id":336,"href":"http:\/\/dachgeschoss.dnsalias.com\/wordpress\/wp-json\/wp\/v2\/posts\/335\/revisions\/336"}],"wp:attachment":[{"href":"http:\/\/dachgeschoss.dnsalias.com\/wordpress\/wp-json\/wp\/v2\/media?parent=335"}],"wp:term":[{"taxonomy":"category","embeddable":true,"href":"http:\/\/dachgeschoss.dnsalias.com\/wordpress\/wp-json\/wp\/v2\/categories?post=335"},{"taxonomy":"post_tag","embeddable":true,"href":"http:\/\/dachgeschoss.dnsalias.com\/wordpress\/wp-json\/wp\/v2\/tags?post=335"}],"curies":[{"name":"wp","href":"https:\/\/api.w.org\/{rel}","templated":true}]}}