{"id":327,"date":"2015-08-25T21:14:00","date_gmt":"2015-08-25T19:14:00","guid":{"rendered":"http:\/\/192.168.3.11\/wordpress\/?p=327"},"modified":"2024-01-30T20:49:31","modified_gmt":"2024-01-30T19:49:31","slug":"unsanft-geweckt","status":"publish","type":"post","link":"http:\/\/dachgeschoss.dnsalias.com\/wordpress\/2015\/08\/25\/unsanft-geweckt\/","title":{"rendered":"Unsanft geweckt"},"content":{"rendered":"\n<p>Hall\u00f6chen Ihr Lieben,<\/p>\n\n\n\n<p>Heute Morgen gab es pl\u00f6tzlich einen heftigen Knall, wovon Mama und Papa schreiend aufgewacht sind. Die erste Vermutung war, dass Ole oder Matti aus ihren Stockbetten gefallen sind. Doch die sassen nur weinend von Mama und Papas Schreien geweckt in ihren Betten. Im Wohnmobil selbst konnten wir die Ursache nicht finden. Erst ein Blick nach Draussen lies uns B\u00f6ses ahnen. Die Markise hatte wohl dem Regen heute Nacht nicht Stand gehalten und ist gebrochen. So hatten wir mit Regen und einer kaputten Markise einen tollen Start in den Tag. Doch gegen 9 Uhr verzogen sich die Regenwolken wir sind, wie &nbsp;gestern beschlossen, mit den R\u00e4dern nach Malm\u00f6. Malm\u00f6 ist die Hauptstadt der Kommune Malm\u00f6 und die achtgr\u00f6sste Stadt Schwedens. Das Stadtbild ist gepr\u00e4gt durch ein Neben bzw. Miteinander von alter und neuer Architektur, denn in den 50er und 60er Jahren hatten man einen Abrisswahn und hat viele alte Geb\u00e4ude durch neue ersetzt. Verw\u00f6hnt von der wundersch\u00f6nen Stadt Stockholm, k\u00f6nnen wir Malm\u00f6 nur wenig abgewinnen. Trotzdem haben wir einen ausgiebigen Stadtbummel gemacht. Was unbedingt am heutigen Tag zu erw\u00e4hnen ist, ist der nette Kellner im italienischen Restaurant, der ihr werdet es kaum glauben, in Homburg aufgewachsen ist und vor 6 Jahren nach Schweden ausgewandert ist. So klein ist dann doch die Welt&#8230;.<\/p>\n\n\n\n<p>Nach dem Mittagessen haben wir uns bei Sonnenschein auf eine ruhige Wiese in der N\u00e4he des Schlosses gelegt und die beiden Jungs haben eine Runde geschlafen. Nach 20km sind wir gegen 17 Uhr an unserem Schneckenh\u00e4uschen wieder angekommen. Papa ist laufen und die Jungs haben den Rest des Tages mit Toben auf der genialen H\u00fcpfblase vor unserem Wohnmobil verbracht. Ein gem\u00fctliches Abendbrot und Familienduschen im wundersch\u00f6nen Familienwaschraum. Hier gibt es sogar Waschbecken, Toiletten, Duschen und Badewannen f\u00fcr Kinder jeden Alters. Matti ist hellauf begeistert. Mama und Papa auch;-). Hundem\u00fcde sind die beiden Jungs ins Bett gefallen und Mama und Papa lesen noch ihre Romane&#8230;..<\/p>\n\n\n\n<p>Es ist die vorletzte Nacht in Schweden. Morgen Nacht werden wir auf dem F\u00e4hrhafen von Trelleborg verbringen, denn am Donnerstag werden wir gegen 6 Uhr fr\u00fch die F\u00e4hre Richtung Rostock befahren.&nbsp;<\/p>\n\n\n\n<p>Bis dann<\/p>\n\n\n\n<p>Eure 4 Wend\u00f6rfer<\/p>\n","protected":false},"excerpt":{"rendered":"<p>Hall\u00f6chen Ihr Lieben, Heute Morgen gab es pl\u00f6tzlich einen heftigen Knall, wovon Mama und Papa schreiend aufgewacht sind. Die erste Vermutung war, dass Ole oder Matti aus ihren Stockbetten gefallen sind. Doch die sassen nur weinend von Mama und Papas Schreien geweckt in ihren Betten. Im Wohnmobil selbst konnten wir die Ursache nicht finden. Erst &hellip; <a href=\"http:\/\/dachgeschoss.dnsalias.com\/wordpress\/2015\/08\/25\/unsanft-geweckt\/\" class=\"more-link\"><span class=\"screen-reader-text\">Unsanft geweckt<\/span> weiterlesen <span class=\"meta-nav\">&rarr;<\/span><\/a><\/p>\n","protected":false},"author":1,"featured_media":0,"comment_status":"closed","ping_status":"","sticky":false,"template":"","format":"standard","meta":[],"categories":[1],"tags":[],"_links":{"self":[{"href":"http:\/\/dachgeschoss.dnsalias.com\/wordpress\/wp-json\/wp\/v2\/posts\/327"}],"collection":[{"href":"http:\/\/dachgeschoss.dnsalias.com\/wordpress\/wp-json\/wp\/v2\/posts"}],"about":[{"href":"http:\/\/dachgeschoss.dnsalias.com\/wordpress\/wp-json\/wp\/v2\/types\/post"}],"author":[{"embeddable":true,"href":"http:\/\/dachgeschoss.dnsalias.com\/wordpress\/wp-json\/wp\/v2\/users\/1"}],"replies":[{"embeddable":true,"href":"http:\/\/dachgeschoss.dnsalias.com\/wordpress\/wp-json\/wp\/v2\/comments?post=327"}],"version-history":[{"count":1,"href":"http:\/\/dachgeschoss.dnsalias.com\/wordpress\/wp-json\/wp\/v2\/posts\/327\/revisions"}],"predecessor-version":[{"id":328,"href":"http:\/\/dachgeschoss.dnsalias.com\/wordpress\/wp-json\/wp\/v2\/posts\/327\/revisions\/328"}],"wp:attachment":[{"href":"http:\/\/dachgeschoss.dnsalias.com\/wordpress\/wp-json\/wp\/v2\/media?parent=327"}],"wp:term":[{"taxonomy":"category","embeddable":true,"href":"http:\/\/dachgeschoss.dnsalias.com\/wordpress\/wp-json\/wp\/v2\/categories?post=327"},{"taxonomy":"post_tag","embeddable":true,"href":"http:\/\/dachgeschoss.dnsalias.com\/wordpress\/wp-json\/wp\/v2\/tags?post=327"}],"curies":[{"name":"wp","href":"https:\/\/api.w.org\/{rel}","templated":true}]}}