{"id":323,"date":"2015-08-23T21:08:00","date_gmt":"2015-08-23T19:08:00","guid":{"rendered":"http:\/\/192.168.3.11\/wordpress\/?p=323"},"modified":"2024-01-30T20:47:46","modified_gmt":"2024-01-30T19:47:46","slug":"vasa-museum-und-einmal-quer-durchs-land","status":"publish","type":"post","link":"http:\/\/dachgeschoss.dnsalias.com\/wordpress\/2015\/08\/23\/vasa-museum-und-einmal-quer-durchs-land\/","title":{"rendered":"Vasa-Museum und einmal quer durchs Land"},"content":{"rendered":"\n<p>Hall\u00f6chen Ihr Lieben,<\/p>\n\n\n\n<p>Gestern haben wir ein wenig Kultur genossen. Gleich nach dem Fr\u00fchst\u00fcck haben wir unseren Campingplatz in Vaxholm verlassen und sind mit unserem Schneckenh\u00e4uschen in eine ruhige Seitenstrasse von Stockholm. Dort haben wir uns auf unsere Drahtesel geschwungen und sind zum Vasa-Museum in die Altstadt gefahren. Die Vasa ist ein altes Kriegsschiff von 1628, dass bei ihrer Jungfernfahrt nach gerade mal 1000 Metern auf den Grund der Ostsee sank. Der K\u00f6nig selbst hat den Bau dieses Kolosses, welches zu der Zeit das gr\u00f6sste Kriegsschiff Europas war, in Auftrag gegeben, jedoch nie zu Gesicht bekommen. Eine Windb\u00f6he hat gereicht, um den viel zu grossen Riesen mit seiner 450 Mann starken Besatzung und 48 Kanonen &nbsp;ausser Kraft zu setzen. Mehr als 300 Jahre lag die Vasa auf dem Grund der Ostsee bis 1962 sie endlich geborgen werden konnte. Heute ist dieser wahnsinnig beeindruckende Zeitzeuge in Stockholm zu bestaunen. Sie besteht zu 98% aus Originalteilen und Matti war soooo fasziniert, dass wir 2 Stunden in dem Museum verbracht haben. Ole hatte ebenfalls seinen Spass und zur Hauptattraktion der vielen chinesischen und japanischen Reisegruppen geworden, die ihn st\u00e4ndig fotographiren wollten.<\/p>\n\n\n\n<p>Nach so viel Kultur wollte Mama unbedingt an einen der Stadtbadestr\u00e4nde von Stockholm. Also sind wir quer durch die Stadt, um 40 Minuten sp\u00e4ter an einem so \u00fcberf\u00fcllten Badestrand anzukommen, dass Papa richtig schlechte Laune bekommen hat. Es dauerte eine Weile bis wir uns alle wieder beruhigt hatten, doch dann haben wir uns das bisher wohl beste Essen in einem Lokal in einer Seitengasse schmecken lassen und alles war wieder gut. Insgesamt sind wir 20 km durch Stockholm gefahren und haben wundersch\u00f6ne Ecken entdeckt. Und wir haben die Teilnehmer &nbsp;des &nbsp;Triathlon der Weltserie in Stockholm anfeuern k\u00f6nnen. Es war wieder einmal ein toller Tag in der uns fast schon vertrauten Stadt.<\/p>\n\n\n\n<p>Gegen 17.30 Uhr sind wir dann Richtung G\u00f6teborg an der Westk\u00fcste Schwedens aufgebrochen. Wir sind also ca. 500 km quer durchs Land und an den gr\u00f6ssten Seen Europas dem V\u00e4nern und Vetternsee vorbeigefahren, ohne sie jedoch wirklich zu Gesicht zu bekommen. Es war sch\u00f6n sp\u00e4t und unser Ziel noch weit weg;-). Gegen 23.30 Uhr haben wir auf Gut Gl\u00fcck uns in einen Hafen von Varberg (s\u00fcdlich von G\u00f6teborg) gestellt. Keine Menschen, daf\u00fcr unmengen an Hasen, die auf der Wiese nebendran rumtolten. Hundem\u00fcde sind wir ins Bett gefallen.<\/p>\n\n\n\n<p>Am heutigen Morgen waren wir \u00fcber die tolle Lage unseres Stellplatzes sehr \u00fcberrascht. Direkt am Meer in einer Bucht mit einem ganz ordentlichen Strand. Die Einsamkeit haben wir auch gleich zum Baden und Fussball spielen genutzt. Gegen Mittag wurde aus der Einsamkeit ein trubeliger Strand mit \u00e4rgerlichen Schweden, die es nicht so am\u00fcsant fanden, dass wir direkt erste Reihe ungef\u00e4hr 4 Parkpl\u00e4tze blockieren. Also haben wir unser Mittagessen runtergeschlungen und sind schnell weg;-). Rast haben wir an einem einsameren Strand direkt hinter den D\u00fcnen von Rosendal gemacht. Und gegen Abend haben wir uns auf die Suche nach der 38 Meter hohen Sandd\u00fcne in Haverdal gemacht. Noch haben wir sie nicht gefunden, daf\u00fcr super breite gelbliche Sandstr\u00e4nde, die man nur durch einen Marsch durch ein wundersch\u00f6nes Naturreservat erreicht. Wir stehen direkt am Rande des Reservates in einer gemptlichen Wohngegend und haben gem\u00fctlich Abendbrot gegessen. Wir lassen den Tag mit gem\u00fctlichem Lesen ausklingen und freuen uns auf Morgen.<\/p>\n\n\n\n<p>Bis bald<\/p>\n\n\n\n<p>Eure 4 Wend\u00f6rfer<\/p>\n","protected":false},"excerpt":{"rendered":"<p>Hall\u00f6chen Ihr Lieben, Gestern haben wir ein wenig Kultur genossen. Gleich nach dem Fr\u00fchst\u00fcck haben wir unseren Campingplatz in Vaxholm verlassen und sind mit unserem Schneckenh\u00e4uschen in eine ruhige Seitenstrasse von Stockholm. Dort haben wir uns auf unsere Drahtesel geschwungen und sind zum Vasa-Museum in die Altstadt gefahren. Die Vasa ist ein altes Kriegsschiff von &hellip; <a href=\"http:\/\/dachgeschoss.dnsalias.com\/wordpress\/2015\/08\/23\/vasa-museum-und-einmal-quer-durchs-land\/\" class=\"more-link\"><span class=\"screen-reader-text\">Vasa-Museum und einmal quer durchs Land<\/span> weiterlesen <span class=\"meta-nav\">&rarr;<\/span><\/a><\/p>\n","protected":false},"author":1,"featured_media":0,"comment_status":"closed","ping_status":"","sticky":false,"template":"","format":"standard","meta":[],"categories":[1],"tags":[],"_links":{"self":[{"href":"http:\/\/dachgeschoss.dnsalias.com\/wordpress\/wp-json\/wp\/v2\/posts\/323"}],"collection":[{"href":"http:\/\/dachgeschoss.dnsalias.com\/wordpress\/wp-json\/wp\/v2\/posts"}],"about":[{"href":"http:\/\/dachgeschoss.dnsalias.com\/wordpress\/wp-json\/wp\/v2\/types\/post"}],"author":[{"embeddable":true,"href":"http:\/\/dachgeschoss.dnsalias.com\/wordpress\/wp-json\/wp\/v2\/users\/1"}],"replies":[{"embeddable":true,"href":"http:\/\/dachgeschoss.dnsalias.com\/wordpress\/wp-json\/wp\/v2\/comments?post=323"}],"version-history":[{"count":1,"href":"http:\/\/dachgeschoss.dnsalias.com\/wordpress\/wp-json\/wp\/v2\/posts\/323\/revisions"}],"predecessor-version":[{"id":324,"href":"http:\/\/dachgeschoss.dnsalias.com\/wordpress\/wp-json\/wp\/v2\/posts\/323\/revisions\/324"}],"wp:attachment":[{"href":"http:\/\/dachgeschoss.dnsalias.com\/wordpress\/wp-json\/wp\/v2\/media?parent=323"}],"wp:term":[{"taxonomy":"category","embeddable":true,"href":"http:\/\/dachgeschoss.dnsalias.com\/wordpress\/wp-json\/wp\/v2\/categories?post=323"},{"taxonomy":"post_tag","embeddable":true,"href":"http:\/\/dachgeschoss.dnsalias.com\/wordpress\/wp-json\/wp\/v2\/tags?post=323"}],"curies":[{"name":"wp","href":"https:\/\/api.w.org\/{rel}","templated":true}]}}