{"id":297,"date":"2015-06-07T19:46:00","date_gmt":"2015-06-07T17:46:00","guid":{"rendered":"http:\/\/192.168.3.11\/wordpress\/?p=297"},"modified":"2024-01-30T20:36:39","modified_gmt":"2024-01-30T19:36:39","slug":"endlich-sommer-2","status":"publish","type":"post","link":"http:\/\/dachgeschoss.dnsalias.com\/wordpress\/2015\/06\/07\/endlich-sommer-2\/","title":{"rendered":"Endlich Sommer"},"content":{"rendered":"\n<p>Hall\u00f6chen Ihr Lieben,<\/p>\n\n\n\n<p>endlich ist der Sommer da!!!! Die letzten Tage waren wundersch\u00f6n- 30 Gard und keine Wolke am Himmel. Also haben wir uns bereits am Donnerstagmorgen (Feiertag im Saarland;-)) auf ins Schwimmbad gemacht, eine Saisonkarte gekauft und uns in die Fluten gest\u00fcrzt. Ich (Matti) darf endlich von der gro\u00dfen Rutsche rutschen, weil ich n\u00e4mlich ganz alleine in dem tiefen Wasser wieder an den Rand schwimmen kann. Eigentlich ist die Ruschte erst ab 8 Jahren, aber da ich schon schwimmen kann, erlaubt der Bademeister mir jetzt schon das Rutschen. Das ist so cool!!! Nur rutschen wie die gro\u00dfen Jungs auf den Knien oder auf dem Bauch ist leider nicht erlaubt.<\/p>\n\n\n\n<p>Ich (Ole) bin auch soooo begeistert vom &#8222;Wimmbad&#8220;. Sobald ich aufwache, sage ich nur &#8222;Wimmbad?&#8220;. Ich bin richtig mutig und verbringe die meiste Zeit bis auf meinen Kopf im Wasser wie ein Krokodil. Wenn ich dann eine Badpause machen muss, bekomme ich trotz blauen Lippen eine Krise und m\u00f6chte gar nicht mehr aus dem Wasser. Die Badepausen verbringen wir immer auf dem Beachplatz, wo Matti und ich bereits mit Mama und Papa trainieren. Und Mama und Papa endlich ihrem Lieblingshobby (neben uns;-)) nachgehen k\u00f6nnen. Als Beachomi und Beachopi machen sie sich gar nicht so schlecht;-).<\/p>\n\n\n\n<p>Abends wurde dann die letzten Tage immer gem\u00fctlich gegrillt. Und morgens habe ich (Matti) Mama und Papa die letzten Tage \u00fcberrascht, Ich habe mich ganz leise die Treppe runtergeschlichen, meinen Tritt aus dem Bad geholt und den Fr\u00fchst\u00fcckstisch gedeckt. Mama und Papa waren sehr sehr ger\u00fchrt und gl\u00fccklich dar\u00fcber.<\/p>\n\n\n\n<p>So und das waren unsere letzten Tage. Wir w\u00fcnschen Euch eine wundersch\u00f6ne Woche!!!<\/p>\n\n\n\n<p>Bis bald<\/p>\n\n\n\n<p>Euer Ole und Euer Matti<\/p>\n","protected":false},"excerpt":{"rendered":"<p>Hall\u00f6chen Ihr Lieben, endlich ist der Sommer da!!!! Die letzten Tage waren wundersch\u00f6n- 30 Gard und keine Wolke am Himmel. Also haben wir uns bereits am Donnerstagmorgen (Feiertag im Saarland;-)) auf ins Schwimmbad gemacht, eine Saisonkarte gekauft und uns in die Fluten gest\u00fcrzt. Ich (Matti) darf endlich von der gro\u00dfen Rutsche rutschen, weil ich n\u00e4mlich &hellip; <a href=\"http:\/\/dachgeschoss.dnsalias.com\/wordpress\/2015\/06\/07\/endlich-sommer-2\/\" class=\"more-link\"><span class=\"screen-reader-text\">Endlich Sommer<\/span> weiterlesen <span class=\"meta-nav\">&rarr;<\/span><\/a><\/p>\n","protected":false},"author":1,"featured_media":0,"comment_status":"closed","ping_status":"","sticky":false,"template":"","format":"standard","meta":[],"categories":[1],"tags":[],"_links":{"self":[{"href":"http:\/\/dachgeschoss.dnsalias.com\/wordpress\/wp-json\/wp\/v2\/posts\/297"}],"collection":[{"href":"http:\/\/dachgeschoss.dnsalias.com\/wordpress\/wp-json\/wp\/v2\/posts"}],"about":[{"href":"http:\/\/dachgeschoss.dnsalias.com\/wordpress\/wp-json\/wp\/v2\/types\/post"}],"author":[{"embeddable":true,"href":"http:\/\/dachgeschoss.dnsalias.com\/wordpress\/wp-json\/wp\/v2\/users\/1"}],"replies":[{"embeddable":true,"href":"http:\/\/dachgeschoss.dnsalias.com\/wordpress\/wp-json\/wp\/v2\/comments?post=297"}],"version-history":[{"count":1,"href":"http:\/\/dachgeschoss.dnsalias.com\/wordpress\/wp-json\/wp\/v2\/posts\/297\/revisions"}],"predecessor-version":[{"id":298,"href":"http:\/\/dachgeschoss.dnsalias.com\/wordpress\/wp-json\/wp\/v2\/posts\/297\/revisions\/298"}],"wp:attachment":[{"href":"http:\/\/dachgeschoss.dnsalias.com\/wordpress\/wp-json\/wp\/v2\/media?parent=297"}],"wp:term":[{"taxonomy":"category","embeddable":true,"href":"http:\/\/dachgeschoss.dnsalias.com\/wordpress\/wp-json\/wp\/v2\/categories?post=297"},{"taxonomy":"post_tag","embeddable":true,"href":"http:\/\/dachgeschoss.dnsalias.com\/wordpress\/wp-json\/wp\/v2\/tags?post=297"}],"curies":[{"name":"wp","href":"https:\/\/api.w.org\/{rel}","templated":true}]}}