{"id":271,"date":"2014-10-31T22:47:00","date_gmt":"2014-10-31T21:47:00","guid":{"rendered":"http:\/\/192.168.3.11\/wordpress\/?p=271"},"modified":"2024-01-30T20:25:10","modified_gmt":"2024-01-30T19:25:10","slug":"mitten-im-wald","status":"publish","type":"post","link":"http:\/\/dachgeschoss.dnsalias.com\/wordpress\/2014\/10\/31\/mitten-im-wald\/","title":{"rendered":"Mitten im Wald"},"content":{"rendered":"\n<p>Hall\u00f6chen Ihr Lieben,<\/p>\n\n\n\n<p>so eben sind wir aus unserem Urlaub aus dem sch\u00f6nen Mittenwald zur\u00fcck. Wir haben in einem wundersch\u00f6nem Hotel namens Drachenburg mitten im Wald mit tollem Blick auf den Ort gewohnt.<\/p>\n\n\n\n<p>Jeden Morgen gab es ein leckeres Fr\u00fchst\u00fcck mit Blick auf das Kawendelgebirge und den strahlend blauen Himmel, den wir die letzten Tage genie\u00dfen durften. Ich (Matti) habe sogar M\u00fcsli mit Obst gegessen. Nach dieser St\u00e4rkung ging es jeden Tag in die Berge. Gleich hinterm Haus haben wir den Einstieg zum Lautersee und Ferchenweg genommen. Und da wir uns bereits im Hotel auf 1000 Meter H\u00f6he befunden haben, hatten wir sogar schon Schnee. Das war ein riesen Spa\u00df. Ich (Matti) konnte gar nicht genug vom Toben im Schnee bekommen. Am Dienstag haben wir dann den h\u00f6chsten Berg Deutschlands, die Zugspitze besucht. Mit einer gro\u00dfen Gondel sind wir bis zur Spitze. Und mit einer kleineren ein St\u00fcck wieder nach unten und da konnte man dann rodeln. Das war sooooo toll!!!! Ich bin ganz allein gerodelt, aber so gut wie Papa kann ich leider noch nicht rodeln. Und dann haben wir mit Cederic seinen Arbeitsplatz die Umweltforschungsstation auf der Zugspitze mit einer ganz kleinen Gondel besucht. Vielen Dank f\u00fcr dieses tolle Erlebnis!!!! Am Mittwoch sind wir in die Geisterklamm gewandert. Aber ein Geist wohnt da heute Gott sei Dank nicht mehr. Mama musste in der Klamm ganz sch\u00f6n mit ihrer H\u00f6henangst k\u00e4mpfen, Papa und ich fanden es super;-). Ich bin auch schon ein richtig guter Wanderer. Mit der Kraft von einigen Gummib\u00e4rchen habe ich einige H\u00f6henmeter locker gemeistert und ich habe Mama und Papa immer den Weg gezeigt. Ole hat meistens in seiner Krackse auf Papas R\u00fccken gesessen und hat mittags immer gem\u00fctlich geschlummert. Und wir haben Leo, Cederic und ihren kleinen Mathys in Murnau und meinen alten Kitakumpel Moritz und seine Familie besucht. Das war sehr sch\u00f6n, alle mal nach sehr langer Zeit wiederzusehen.<\/p>\n\n\n\n<p>Ich (Ole) fand den Urlaub auch super. Wir hatten richtig viel Zeit zusammen und haben morgens immer sch\u00f6n im Bett gekuschelt. Das Wandern in der Krackse hat mir auch sehr gut gefallen, aber am besten fand ich das Essen gehen im Restaurant. Nicht dass ich viel gegessen h\u00e4tte, nein ich liebe es zur Zeit jedem, der sich im Raum befindet zu zuwinken. Und wenn die Leute nicht gleich auf mein Winken reagieren, dann winke ich so lange und so wild bis sie dann gar nicht widerstehen k\u00f6nnen. Und wenn sie darauf nicht reagieren, dann rufe ich lautstark bis sie endlich mich bemerken&#8230;..Teilweise habe ich das ganze Restaurant unterhalten. Das fanden Mama und Papa ziemlich unangenehem, aber Mama und Papa sind eben auch ein wenig steif in der Hinsicht. Matti dagegen fand es super ;-). Mein Laufen habe ich auch ein wenig verbessert .<\/p>\n\n\n\n<p>So und nun packen wir unsere Koffer aus und w\u00fcnschen Euch ein sch\u00f6nes Wochenende!<\/p>\n\n\n\n<p>Bis bald<\/p>\n\n\n\n<p>Euer Ole und Euer Mattes<\/p>\n","protected":false},"excerpt":{"rendered":"<p>Hall\u00f6chen Ihr Lieben, so eben sind wir aus unserem Urlaub aus dem sch\u00f6nen Mittenwald zur\u00fcck. Wir haben in einem wundersch\u00f6nem Hotel namens Drachenburg mitten im Wald mit tollem Blick auf den Ort gewohnt. Jeden Morgen gab es ein leckeres Fr\u00fchst\u00fcck mit Blick auf das Kawendelgebirge und den strahlend blauen Himmel, den wir die letzten Tage &hellip; <a href=\"http:\/\/dachgeschoss.dnsalias.com\/wordpress\/2014\/10\/31\/mitten-im-wald\/\" class=\"more-link\"><span class=\"screen-reader-text\">Mitten im Wald<\/span> weiterlesen <span class=\"meta-nav\">&rarr;<\/span><\/a><\/p>\n","protected":false},"author":1,"featured_media":0,"comment_status":"closed","ping_status":"","sticky":false,"template":"","format":"standard","meta":[],"categories":[1],"tags":[],"_links":{"self":[{"href":"http:\/\/dachgeschoss.dnsalias.com\/wordpress\/wp-json\/wp\/v2\/posts\/271"}],"collection":[{"href":"http:\/\/dachgeschoss.dnsalias.com\/wordpress\/wp-json\/wp\/v2\/posts"}],"about":[{"href":"http:\/\/dachgeschoss.dnsalias.com\/wordpress\/wp-json\/wp\/v2\/types\/post"}],"author":[{"embeddable":true,"href":"http:\/\/dachgeschoss.dnsalias.com\/wordpress\/wp-json\/wp\/v2\/users\/1"}],"replies":[{"embeddable":true,"href":"http:\/\/dachgeschoss.dnsalias.com\/wordpress\/wp-json\/wp\/v2\/comments?post=271"}],"version-history":[{"count":1,"href":"http:\/\/dachgeschoss.dnsalias.com\/wordpress\/wp-json\/wp\/v2\/posts\/271\/revisions"}],"predecessor-version":[{"id":272,"href":"http:\/\/dachgeschoss.dnsalias.com\/wordpress\/wp-json\/wp\/v2\/posts\/271\/revisions\/272"}],"wp:attachment":[{"href":"http:\/\/dachgeschoss.dnsalias.com\/wordpress\/wp-json\/wp\/v2\/media?parent=271"}],"wp:term":[{"taxonomy":"category","embeddable":true,"href":"http:\/\/dachgeschoss.dnsalias.com\/wordpress\/wp-json\/wp\/v2\/categories?post=271"},{"taxonomy":"post_tag","embeddable":true,"href":"http:\/\/dachgeschoss.dnsalias.com\/wordpress\/wp-json\/wp\/v2\/tags?post=271"}],"curies":[{"name":"wp","href":"https:\/\/api.w.org\/{rel}","templated":true}]}}