{"id":267,"date":"2014-10-06T21:37:00","date_gmt":"2014-10-06T19:37:00","guid":{"rendered":"http:\/\/192.168.3.11\/wordpress\/?p=267"},"modified":"2024-01-30T20:22:58","modified_gmt":"2024-01-30T19:22:58","slug":"fast-14-monate-alt","status":"publish","type":"post","link":"http:\/\/dachgeschoss.dnsalias.com\/wordpress\/2014\/10\/06\/fast-14-monate-alt\/","title":{"rendered":"Fast 14 Monate alt"},"content":{"rendered":"\n<p>Hall\u00f6chen Ihr Lieben,<\/p>\n\n\n\n<p>endlich melden wir uns mal wieder bei Euch. Nach einer kurzen Krankheitsphase mit Erbrechen und Fieber bei mir (Ole) geht es uns bis auf ein wenig M\u00fcdigkeit gut.<\/p>\n\n\n\n<p>Ich gehe gern in den Kindergarten, aber mag zur Zeit nicht ohne Mama oder Papa da bleiben und versuche mich krampfhaft an Papa festzuklammern und und weine ganz herzzerrei\u00dfend. Doch es hilft alles nichts, die Erzieher nehmen mich dann immer schnell auf den Arm und Papa geht dann immer ganz schnell weg;-(. Aber einige Minuten sp\u00e4ter ist alles wieder gut und ich habe aufregende Kitatage.<\/p>\n\n\n\n<p>In meiner motorischen Entwicklung ist zu berichten, dass ich \u00fcberall, wo ich hochklettere seit ca. 2 Wochen wieder r\u00fcckw\u00e4rts runterkomme. Und wenn ich es mal vergesse und st\u00fcrmisch vorw\u00e4rts irgendwo hinunter m\u00f6chte, reicht es wenn Mama oder Papa &#8222;Ole r\u00fcckw\u00e4rts runterklettern sagen!&#8220; und ich drehe sofort meinen Po in Richtung des Abgrundes;-). So gut h\u00f6re ich aber nicht immer auf Mama oder Papa. Ich bin beispielsweise nicht der Meinung, dass ich noch nicht die Treppe in unserem Haus allein hochklettern darf. Ich versuche es jeden Tag mehere Male trotz gro\u00dfen Schimpfens seitens meiner Eltern und habe dabei einen ganz schelmigen Blick;-). Ich wei\u00df schon ganz genau, was ich will und was nicht und da ich noch nicht sprechen kann, zeige ich auf alles, was ich haben oder wo ich hin will. So z.B. jeden Nachmittag, wenn wir von der Kita nach Hause kommen Richtung Schafgehege in unserer Stra\u00dfe, denn ich bin so fasziniert von Max dem Papaschaf, Matilde dem Mamaschaf und Nora dem Babyschaf. Wenn sie uns sehen, kommen sie immer angerannt und ich f\u00fcttere und streichle sie mit Hingabe.<\/p>\n\n\n\n<p>In meiner sprachlichen Entwicklung habe ich schon ein ganz gutes Sprachverst\u00e4ndnis. Mama und Papa k\u00f6nnen mir sogar schon kleine Anweisungen geben und wenn ich Lust und Laune habe, klappt es schon ganz gut. Und wenn Mama und Papa mich was fragen wie z.B. &#8222;M\u00f6chtest Du baden gehen?&#8220; oder &#8222;M\u00f6chtest Du was essen?&#8220;, dann strahlen meine Augen und ich lache und sage eine ganz langgezogenes &#8222;Jaaaaa&#8220;. Wenn ich etwas nicht m\u00f6chte, dann sch\u00fcttel ich mit dem Kopf.<\/p>\n\n\n\n<p>Ich (Matti) bin gern mit Ole zusammen und gnie\u00dfe es mit ihm Bl\u00f6dsinn zu machen, aber manchmal brauche ich meine Auszeit und bin auch gern mal ganz allein f\u00fcr mich oder mit Mama oder Papa&nbsp; zusammen. Ich kann schon richtig gut ausmalen ohne \u00fcber den Rand zu malen und ich kann schon richtig gut schwere Figuren ausschneiden. Und zur Zeit bin ich Dinosaurier fasziniert. Ich kann immer und immer wieder die Bilder in unserem gro\u00dfen Geschichtsbuch anschauen. Und ich liebe unsere Kuschelecke, die Mama und Papa in ihrem Schlafzimmer eingerichtet haben. Ich kann sogar schon selber lesen und lese Ole manchmal etwas aus dem Benjamin Bl\u00fcmchen Buch vor;-).<\/p>\n\n\n\n<p>So und nun freuen wir uns schon riesig auf Oma Vroni und Opa Rudi!!!!<\/p>\n\n\n\n<p>Liebe Gr\u00fc\u00dfe<\/p>\n\n\n\n<p>Euer Ole und Euer Mattes<\/p>\n","protected":false},"excerpt":{"rendered":"<p>Hall\u00f6chen Ihr Lieben, endlich melden wir uns mal wieder bei Euch. Nach einer kurzen Krankheitsphase mit Erbrechen und Fieber bei mir (Ole) geht es uns bis auf ein wenig M\u00fcdigkeit gut. Ich gehe gern in den Kindergarten, aber mag zur Zeit nicht ohne Mama oder Papa da bleiben und versuche mich krampfhaft an Papa festzuklammern &hellip; <a href=\"http:\/\/dachgeschoss.dnsalias.com\/wordpress\/2014\/10\/06\/fast-14-monate-alt\/\" class=\"more-link\"><span class=\"screen-reader-text\">Fast 14 Monate alt<\/span> weiterlesen <span class=\"meta-nav\">&rarr;<\/span><\/a><\/p>\n","protected":false},"author":1,"featured_media":0,"comment_status":"closed","ping_status":"","sticky":false,"template":"","format":"standard","meta":[],"categories":[1],"tags":[],"_links":{"self":[{"href":"http:\/\/dachgeschoss.dnsalias.com\/wordpress\/wp-json\/wp\/v2\/posts\/267"}],"collection":[{"href":"http:\/\/dachgeschoss.dnsalias.com\/wordpress\/wp-json\/wp\/v2\/posts"}],"about":[{"href":"http:\/\/dachgeschoss.dnsalias.com\/wordpress\/wp-json\/wp\/v2\/types\/post"}],"author":[{"embeddable":true,"href":"http:\/\/dachgeschoss.dnsalias.com\/wordpress\/wp-json\/wp\/v2\/users\/1"}],"replies":[{"embeddable":true,"href":"http:\/\/dachgeschoss.dnsalias.com\/wordpress\/wp-json\/wp\/v2\/comments?post=267"}],"version-history":[{"count":1,"href":"http:\/\/dachgeschoss.dnsalias.com\/wordpress\/wp-json\/wp\/v2\/posts\/267\/revisions"}],"predecessor-version":[{"id":268,"href":"http:\/\/dachgeschoss.dnsalias.com\/wordpress\/wp-json\/wp\/v2\/posts\/267\/revisions\/268"}],"wp:attachment":[{"href":"http:\/\/dachgeschoss.dnsalias.com\/wordpress\/wp-json\/wp\/v2\/media?parent=267"}],"wp:term":[{"taxonomy":"category","embeddable":true,"href":"http:\/\/dachgeschoss.dnsalias.com\/wordpress\/wp-json\/wp\/v2\/categories?post=267"},{"taxonomy":"post_tag","embeddable":true,"href":"http:\/\/dachgeschoss.dnsalias.com\/wordpress\/wp-json\/wp\/v2\/tags?post=267"}],"curies":[{"name":"wp","href":"https:\/\/api.w.org\/{rel}","templated":true}]}}