{"id":265,"date":"2014-09-13T20:37:00","date_gmt":"2014-09-13T18:37:00","guid":{"rendered":"http:\/\/192.168.3.11\/wordpress\/?p=265"},"modified":"2024-01-30T20:22:09","modified_gmt":"2024-01-30T19:22:09","slug":"mama-ich-kann-fuer-dich-arbeiten-gehen","status":"publish","type":"post","link":"http:\/\/dachgeschoss.dnsalias.com\/wordpress\/2014\/09\/13\/mama-ich-kann-fuer-dich-arbeiten-gehen\/","title":{"rendered":"Mama, ich kann f\u00fcr dich arbeiten gehen&#8230;"},"content":{"rendered":"\n<p>Hall\u00f6chen Ihr Lieben,<\/p>\n\n\n\n<p>endlich Wochenende und wir haben endlich mal wieder Zeit f\u00fcr einander.<\/p>\n\n\n\n<p>Seit 2 Wochen hat sich unser Alltag ganz sch\u00f6n ge\u00e4ndert. Morgens um 5.30 Uhr stehen wir alle auf, um dann gegen 6.50 Uhr in den Kindergarten und auf Arbeit zu fahren. Teilweise f\u00e4llt es meinem Ole schwer sich von Papa zu trennen, aber ich bin ja dabei und nach ein paar Minuten lacht er und wir spielen zusammen. Leider kann uns Mama nicht mehr nach dem Imbi\u00df abholen. Sie schafft es leider nur freitags in die Kita. Das macht mich schon ein wenig traurig. Ich habe ihr schon vorgeschlagen, dass ich f\u00fcr sie arbeiten gehe, Ich fahre einfach zu Papa auf Arbeit und male Bilder, die dann verkaufe. Aber Mama meint, dass das leider nicht m\u00f6glich ist. So holt uns Papa meistens ab und wir warten dann Zuhause gemeinsam auf Mama. Die freie Zeit am Wochenende genie\u00dfen wir daf\u00fcr um so mehr.<\/p>\n\n\n\n<p>\u00dcbrigens kann Ole schon ganz allein mit dem L\u00f6ffel essen. Er sieht zwar danach total beschmaddert aus, aber ich finde es sehr witzig;-). Und wenn man ihn fragt, wo seine Zunge ist, dann streckt er einem seine kleine Zunge raus und freut sich.<\/p>\n\n\n\n<p>So das in K\u00fcrze zu uns. Euch allen noch ein sch\u00f6nes Wochenende.<\/p>\n\n\n\n<p>Bis bald<\/p>\n\n\n\n<p>Euer Ole und Euer Mattes<\/p>\n","protected":false},"excerpt":{"rendered":"<p>Hall\u00f6chen Ihr Lieben, endlich Wochenende und wir haben endlich mal wieder Zeit f\u00fcr einander. Seit 2 Wochen hat sich unser Alltag ganz sch\u00f6n ge\u00e4ndert. Morgens um 5.30 Uhr stehen wir alle auf, um dann gegen 6.50 Uhr in den Kindergarten und auf Arbeit zu fahren. Teilweise f\u00e4llt es meinem Ole schwer sich von Papa zu &hellip; <a href=\"http:\/\/dachgeschoss.dnsalias.com\/wordpress\/2014\/09\/13\/mama-ich-kann-fuer-dich-arbeiten-gehen\/\" class=\"more-link\"><span class=\"screen-reader-text\">Mama, ich kann f\u00fcr dich arbeiten gehen&#8230;<\/span> weiterlesen <span class=\"meta-nav\">&rarr;<\/span><\/a><\/p>\n","protected":false},"author":1,"featured_media":0,"comment_status":"closed","ping_status":"","sticky":false,"template":"","format":"standard","meta":[],"categories":[1],"tags":[],"_links":{"self":[{"href":"http:\/\/dachgeschoss.dnsalias.com\/wordpress\/wp-json\/wp\/v2\/posts\/265"}],"collection":[{"href":"http:\/\/dachgeschoss.dnsalias.com\/wordpress\/wp-json\/wp\/v2\/posts"}],"about":[{"href":"http:\/\/dachgeschoss.dnsalias.com\/wordpress\/wp-json\/wp\/v2\/types\/post"}],"author":[{"embeddable":true,"href":"http:\/\/dachgeschoss.dnsalias.com\/wordpress\/wp-json\/wp\/v2\/users\/1"}],"replies":[{"embeddable":true,"href":"http:\/\/dachgeschoss.dnsalias.com\/wordpress\/wp-json\/wp\/v2\/comments?post=265"}],"version-history":[{"count":1,"href":"http:\/\/dachgeschoss.dnsalias.com\/wordpress\/wp-json\/wp\/v2\/posts\/265\/revisions"}],"predecessor-version":[{"id":266,"href":"http:\/\/dachgeschoss.dnsalias.com\/wordpress\/wp-json\/wp\/v2\/posts\/265\/revisions\/266"}],"wp:attachment":[{"href":"http:\/\/dachgeschoss.dnsalias.com\/wordpress\/wp-json\/wp\/v2\/media?parent=265"}],"wp:term":[{"taxonomy":"category","embeddable":true,"href":"http:\/\/dachgeschoss.dnsalias.com\/wordpress\/wp-json\/wp\/v2\/categories?post=265"},{"taxonomy":"post_tag","embeddable":true,"href":"http:\/\/dachgeschoss.dnsalias.com\/wordpress\/wp-json\/wp\/v2\/tags?post=265"}],"curies":[{"name":"wp","href":"https:\/\/api.w.org\/{rel}","templated":true}]}}