{"id":263,"date":"2014-08-30T20:23:00","date_gmt":"2014-08-30T18:23:00","guid":{"rendered":"http:\/\/192.168.3.11\/wordpress\/?p=263"},"modified":"2024-01-30T20:21:22","modified_gmt":"2024-01-30T19:21:22","slug":"es-geht-bald-los","status":"publish","type":"post","link":"http:\/\/dachgeschoss.dnsalias.com\/wordpress\/2014\/08\/30\/es-geht-bald-los\/","title":{"rendered":"Es geht bald los!"},"content":{"rendered":"\n<p>Hall\u00f6chen Ihr Lieben,<\/p>\n\n\n\n<p>nun ist die sch\u00f6ne Zeit mit Mama Zuhause leider fast vorbei. Wir haben die Zeit alle sehr genossen und sind schon ein wenig traurig. Am Montag muss Mama wieder auf Arbeit und ist schon ganz zappelig. Und Matti und ich werden dann den ganzen Tag die M\u00e4usegruppe in der Kita unsicher machen. Wir f\u00fchlen uns zusammen in der selben Gruppe sehr wohl und gehen zur Zeit beide gut gelaunt und freudig morgens in die Gruppe. Nur Mama und Papa finden es nicht so toll, dass ich (Ole) seit ich in die Kita gehe, bereits um 4 bzw, 4.30 Uhr putzmunter bin und meine Eltern auf Trapp halte. Das liegt sicher daran, dass ich bereits um 18 Uhr hundem\u00fcde ins Bett falle, denn so ein Kitatag ist auch harte Arbeit und ich kann vor lauter Aufregung nicht so gut im Kindergarten schlafen, sondern muss alles genau erkunden und bin st\u00e4ndig auf Achse. Die Erzieher haben ganz sch\u00f6n zu tun, um mich wieder einzufangen;-). Das Krabbeln klappt schon richtig schnell und mittlerweile ziehe ich mich \u00fcberall hoch und versuche auch \u00fcberall raufzuklettern. Die Couch Zuhause ist ein Kinderspiel und Matti und ich lieben es, auf der Couch rumzutoben. Manchmal stehe ich sogar schon frei, aber wenn ich es dann bemerke, dann finde ich dass doch irgendwie ganz sch\u00f6n hoch und wackelig und genau in dem Augenblick plumpse ich auf meinen gut gepolsterten Po zur\u00fcck. Aber die Erzieher sagen, dass es wohl nicht mehr lang dauern wird bis ich meine ersten Schritte machen werde. An der Hand klappt das Laufen schon gar nicht schlecht und ich finde es sehr lustig, einen Ball hinterher zu laufen und zu schie\u00dfen. Bewegung ist meine Leidenschaft und besonders B\u00e4lle haben es mir angetan. Dagegen finde ich B\u00fccher lesen noch nicht so spannend, aber ich kann schon einen Ball und den Wauwau in B\u00fcchern zeigen, wenn Mama danach fragt. Aber andere Fragen weigere ich mich zu beantworten und klappe das Buch dann wieder zu und versuche es zu werfen. \u00dcbrigens habe ich meine ersten Schuhe Gr\u00f6\u00dfe 18 bekommen und war zum zweiten Mal zum Augenarzt und zum ersten Mal zum Zahnarzt. Oh man, dass war ein Kampf. Der Zahnarzt ging ja noch, aber der doofe Augenarzt hat sich durch mein Gebr\u00fcll und Geschrei \u00fcberhaupt nicht aus der Ruhe bringen lassen, irgendwann war ich so m\u00fcde, dass er 3 Minuten zur Untersuchung Zeit hatte und siehe da, alles in Ordnung. Ich h\u00e4tte eh nicht so ein komisches Ding auf der Nase toleriert.<\/p>\n\n\n\n<p>Ich (Matti) war auch zum Zahnarzt und putze wohl immer sehr gut, auf jeden Fall habe ein cooles Piratenarmband bekommen. Zum Fris\u00f6r war ich auch erst frisch und habe eine flotte Frisur und ganz allein auf dem Stuhl gesessen. Und ich habe mich zu einem Obstliebhaber entwickelt. Ich liebe Babyweintrauben ohne Kerne, Melonen und unsere Brombeeren und sauern \u00c4pfel im Garten. Tja und bei soviel Obst, ist es auch keine Wunder, dass ich mittlerweile auf jedes Kletterger\u00fcst bis auf den h\u00f6chsten Punkt ganz alleine komme und riesig viel Spa\u00df am Klettern und Ausprobieren habe. Auch das Wandern im Wald finde ich super und beobachte alles ganz genau und sammle alles Interessante ein. Die Schafe und H\u00fchner in unserer Stra\u00dfe finde ich auch echt toll und kann sie stundenlang f\u00fcttern und Ole habe ich es auch gezeigt wie man Schafe f\u00fcttert. Er kann sich auch schon ganz allein ein Blatt abrei\u00dfen un es den Schafen zum Fressen geben.<\/p>\n\n\n\n<p>Tja, dass war es erst einmal von uns. Mal sehen wie die n\u00e4chste Woche wird, wenn Mama und Papa ein wenig mehr Stress und Arbeit haben&#8230;&#8230;<\/p>\n\n\n\n<p>Euch erstmal ein sch\u00f6nes Restwochenende<\/p>\n\n\n\n<p>Bis bald<\/p>\n\n\n\n<p>Euer Ole und Euer Mattes<\/p>\n","protected":false},"excerpt":{"rendered":"<p>Hall\u00f6chen Ihr Lieben, nun ist die sch\u00f6ne Zeit mit Mama Zuhause leider fast vorbei. Wir haben die Zeit alle sehr genossen und sind schon ein wenig traurig. Am Montag muss Mama wieder auf Arbeit und ist schon ganz zappelig. Und Matti und ich werden dann den ganzen Tag die M\u00e4usegruppe in der Kita unsicher machen. &hellip; <a href=\"http:\/\/dachgeschoss.dnsalias.com\/wordpress\/2014\/08\/30\/es-geht-bald-los\/\" class=\"more-link\"><span class=\"screen-reader-text\">Es geht bald los!<\/span> weiterlesen <span class=\"meta-nav\">&rarr;<\/span><\/a><\/p>\n","protected":false},"author":1,"featured_media":0,"comment_status":"closed","ping_status":"","sticky":false,"template":"","format":"standard","meta":[],"categories":[1],"tags":[],"_links":{"self":[{"href":"http:\/\/dachgeschoss.dnsalias.com\/wordpress\/wp-json\/wp\/v2\/posts\/263"}],"collection":[{"href":"http:\/\/dachgeschoss.dnsalias.com\/wordpress\/wp-json\/wp\/v2\/posts"}],"about":[{"href":"http:\/\/dachgeschoss.dnsalias.com\/wordpress\/wp-json\/wp\/v2\/types\/post"}],"author":[{"embeddable":true,"href":"http:\/\/dachgeschoss.dnsalias.com\/wordpress\/wp-json\/wp\/v2\/users\/1"}],"replies":[{"embeddable":true,"href":"http:\/\/dachgeschoss.dnsalias.com\/wordpress\/wp-json\/wp\/v2\/comments?post=263"}],"version-history":[{"count":1,"href":"http:\/\/dachgeschoss.dnsalias.com\/wordpress\/wp-json\/wp\/v2\/posts\/263\/revisions"}],"predecessor-version":[{"id":264,"href":"http:\/\/dachgeschoss.dnsalias.com\/wordpress\/wp-json\/wp\/v2\/posts\/263\/revisions\/264"}],"wp:attachment":[{"href":"http:\/\/dachgeschoss.dnsalias.com\/wordpress\/wp-json\/wp\/v2\/media?parent=263"}],"wp:term":[{"taxonomy":"category","embeddable":true,"href":"http:\/\/dachgeschoss.dnsalias.com\/wordpress\/wp-json\/wp\/v2\/categories?post=263"},{"taxonomy":"post_tag","embeddable":true,"href":"http:\/\/dachgeschoss.dnsalias.com\/wordpress\/wp-json\/wp\/v2\/tags?post=263"}],"curies":[{"name":"wp","href":"https:\/\/api.w.org\/{rel}","templated":true}]}}