{"id":261,"date":"2014-08-22T08:14:00","date_gmt":"2014-08-22T06:14:00","guid":{"rendered":"http:\/\/192.168.3.11\/wordpress\/?p=261"},"modified":"2024-01-30T20:20:32","modified_gmt":"2024-01-30T19:20:32","slug":"ich-bin-schon-1-jahr","status":"publish","type":"post","link":"http:\/\/dachgeschoss.dnsalias.com\/wordpress\/2014\/08\/22\/ich-bin-schon-1-jahr\/","title":{"rendered":"Ich bin schon 1 Jahr !"},"content":{"rendered":"\n<p>Hall\u00f6chen Ihr Lieben,<\/p>\n\n\n\n<p>lange haben wir uns nicht gemeldet, denn wir waren auf gro\u00dfer Reise in den Norden zu allen Omas und Opas.<\/p>\n\n\n\n<p>Erst haben wir das tolle Wetter, die 25 Grad warme Ostsee und den sooo sch\u00f6nen Strand auf Usedom bei Oma Lona, Opa Lutz, Oma Engel und Opa Bruno genossen. Es war eine richtig erholsame Zeit und wir haben viel mit Oma Lona und Opa Lutz gespielt, gelacht und gekuschelt, haben Burgen gebaut, waren gaaaanz oft baden und haben Volleyball gespielt. Und ich (Matti) habe mich zuverl\u00e4ssig um Opa Lutz Teich gek\u00fcmmert. Jeden Tag habe ich die Algen mit einem Kescher entfernt und die Fische gef\u00fcttert und durfte sogar ein kleines ferngesteuertes Motorboot darauf fahren. Und Ole ist so vernarrt in Wasser besonders in die Ostsee, dass man st\u00e4ndig aufpassen musste, dass er nicht ganz allein in der Ostsee schwimmen geht, denn er ist noch viel zu klein dazu. Aber ich kann schon ein bi\u00dfchen schwimmen, die Armbewegungen bekomme ich schon ganz gut hin und mit Hilfe von Oma Lonas Schwimmbrett kann ich die Beine \u00fcben. Ich gehe auf jeden Fall ganz ohne Schwimmfl\u00fcgel ins Wasser und kann mich schon einige Meter \u00fcber bzw. unter Wasser halten. Ole war sogar schon immer ab 7 Uhr am Strand mit Mama und hat gebadet und gebuddelt, sodass Papa und ich noch ein wenig Zeit hatten, ein bi\u00dfchen zu schlafen und zu kuscheln. Gegen 8.30 Uhr sind die beiden dann immer mit frischen Br\u00f6tchen zur\u00fcckgekommen. Mhhm lecker!!!! Wir sagen vielen Dank f\u00fcr die sch\u00f6ne Zeit und sagen bis bald!!!!!<\/p>\n\n\n\n<p>Dann ging es weiter nach Berlin zu Oma Vroni, Opa Rudi, Wolldeckenoma und Wolldeckenopa, Onkel Chrissi und Tante Wiebke und Onkel Thomas und Tante Gabi. Auch da haben wir eine wunderbare Zeit mit allen Omas und Opas gehabt. Der Garten ist soooo toll zum Fu\u00dfball spielen und das Planschbecken eine wahre Freude f\u00fcr alle. Ich kann schon den Ball fast so hoch wie Chrissi schie\u00dfen. Und sowieso finde ich alles ziemlich toll, was Chrissi macht. Er kann auch richtig gut Fahrrad fahren und schwimmen und hat mir im Wandlitzsee versucht schwimmen beizubringen, aber ich tauche dann doch lieber und habe nicht so richtig auf seine Vorschl\u00e4ge geachtet;-(. Und morgens bin ich meistens zu Oma Vroni und Opa Rudi kuscheln und Buch vorlesen gegangen, w\u00e4hrend Mama und Papa ein zweites Mal ( Ole ist ein richtiger Fr\u00fchaufsteher) ein wenig schlafen konnten.<\/p>\n\n\n\n<p>Und dann kam mein (Oles) gro\u00dfer Tag. Mein erster Geburtstag. Alle haben f\u00fcr mich gesungen, auch wenn der Text nicht jedem gel\u00e4ufig war :-). Und auf dem Geburtstagstisch war ein Geburtstagszug mit einer Kerze. Das war aufregend und ich habe mich gefreut und die ganze Zeit geklatscht. Von Mama und Papa habe ich 2 Krabbeltunnel bekommen, die Matti erst einmal ganz in Beschlag genommen hat. Nach einem erholsamen Mittagsschlaf ging es bei bestem Wetter auf den Beachplatz von Zepernick. Dort haben wir unser Strandzelt aufgeschlagen und mit allen Kuchen gegessen. Dann haben wir sch\u00f6n gebuddelt, Ball gespielt und Mama und Papa konnten mit Chrissi und Wiebke ein wenig beachen. Ein sch\u00f6ner Nachmittag!!!!!! Wir sagen danke f\u00fcr die sch\u00f6ne Zeit und sehen uns ja schon bald wieder!!!!<\/p>\n\n\n\n<p>Tja und nun bin ich 1 Jahr und kein Baby mehr. Ich kann mich mittlerweile ganz gut verst\u00e4ndlich machen, indem ich auf alles zeige, was ich haben m\u00f6chte und kr\u00e4ftig in die H\u00e4nde klatsche. Sprechen finde ich noch nicht sinnvoll, ich sende lieber schrille Schreie aus, die Matti immer dazu annimieren mitzumachen. Das ist teilweise sehr ohrenbet\u00e4ubend und Mama und Papa finden das ganze nicht so toll. Wir finden es hingegen sehr witzig;-). Motorisch perfektioniere ich immer noch das Krabbeln und Hochziehen sowie Seitw\u00e4rtsschritte an unserer Couch. Treppensteigen ist aber meine Lieblingsbesch\u00e4ftigung, aber so behaarlich ich auch immer wieder Richtung Treppe krabble, Mama und Papa lassen mich einfach nicht allein auf die Treppe:-(. Und ich \u00fcbe immerzu das Werfen und komme schon richtig weit, egal mit was ich werfe;-). Und ich bin zur Zeit eine richtige Raupe Nimmersatt und esse alles und teilweise mehr als Mama.<\/p>\n\n\n\n<p>So das ist das Neuste von uns. Wir w\u00fcnschen Euch ein sch\u00f6nes Wochenende!<\/p>\n\n\n\n<p>Bis bald<\/p>\n\n\n\n<p>Euer OLe und Euer Mattes<\/p>\n","protected":false},"excerpt":{"rendered":"<p>Hall\u00f6chen Ihr Lieben, lange haben wir uns nicht gemeldet, denn wir waren auf gro\u00dfer Reise in den Norden zu allen Omas und Opas. Erst haben wir das tolle Wetter, die 25 Grad warme Ostsee und den sooo sch\u00f6nen Strand auf Usedom bei Oma Lona, Opa Lutz, Oma Engel und Opa Bruno genossen. Es war eine &hellip; <a href=\"http:\/\/dachgeschoss.dnsalias.com\/wordpress\/2014\/08\/22\/ich-bin-schon-1-jahr\/\" class=\"more-link\"><span class=\"screen-reader-text\">Ich bin schon 1 Jahr !<\/span> weiterlesen <span class=\"meta-nav\">&rarr;<\/span><\/a><\/p>\n","protected":false},"author":1,"featured_media":0,"comment_status":"closed","ping_status":"","sticky":false,"template":"","format":"standard","meta":[],"categories":[1],"tags":[],"_links":{"self":[{"href":"http:\/\/dachgeschoss.dnsalias.com\/wordpress\/wp-json\/wp\/v2\/posts\/261"}],"collection":[{"href":"http:\/\/dachgeschoss.dnsalias.com\/wordpress\/wp-json\/wp\/v2\/posts"}],"about":[{"href":"http:\/\/dachgeschoss.dnsalias.com\/wordpress\/wp-json\/wp\/v2\/types\/post"}],"author":[{"embeddable":true,"href":"http:\/\/dachgeschoss.dnsalias.com\/wordpress\/wp-json\/wp\/v2\/users\/1"}],"replies":[{"embeddable":true,"href":"http:\/\/dachgeschoss.dnsalias.com\/wordpress\/wp-json\/wp\/v2\/comments?post=261"}],"version-history":[{"count":1,"href":"http:\/\/dachgeschoss.dnsalias.com\/wordpress\/wp-json\/wp\/v2\/posts\/261\/revisions"}],"predecessor-version":[{"id":262,"href":"http:\/\/dachgeschoss.dnsalias.com\/wordpress\/wp-json\/wp\/v2\/posts\/261\/revisions\/262"}],"wp:attachment":[{"href":"http:\/\/dachgeschoss.dnsalias.com\/wordpress\/wp-json\/wp\/v2\/media?parent=261"}],"wp:term":[{"taxonomy":"category","embeddable":true,"href":"http:\/\/dachgeschoss.dnsalias.com\/wordpress\/wp-json\/wp\/v2\/categories?post=261"},{"taxonomy":"post_tag","embeddable":true,"href":"http:\/\/dachgeschoss.dnsalias.com\/wordpress\/wp-json\/wp\/v2\/tags?post=261"}],"curies":[{"name":"wp","href":"https:\/\/api.w.org\/{rel}","templated":true}]}}