{"id":257,"date":"2014-07-11T20:13:00","date_gmt":"2014-07-11T18:13:00","guid":{"rendered":"http:\/\/192.168.3.11\/wordpress\/?p=257"},"modified":"2024-01-30T20:19:04","modified_gmt":"2024-01-30T19:19:04","slug":"11-monate-alt","status":"publish","type":"post","link":"http:\/\/dachgeschoss.dnsalias.com\/wordpress\/2014\/07\/11\/11-monate-alt\/","title":{"rendered":"11 Monate alt"},"content":{"rendered":"\n<p>Hall\u00f6chen Ihr Lieben,<\/p>\n\n\n\n<p>auf den Tag genau wurde ich heute 11 Monate alt. Und als Geschenk hat Mama mir liebenswerter Weise meine U6 geschenkt. Nicht das ich unsere Kinder\u00e4rztin nicht m\u00f6gen w\u00fcrde, aber es gab zus\u00e4tzlich zum Wiegen und Messen zwei ordentliche Piekser in die Oberschenkel. Das tat weh!!!! Meine aktuellen Daten Gewicht 8750g,Gr\u00f6\u00dfe 74cm und Kopfumfang 45,5cm. Ich bin zwar zierlich, aber daf\u00fcr ziemlich robust und hart im Nehmen. Das Krabbeln verbessere ich auch von Tag zu Tag und nutze diese Art der Fortbewegung nun auch ohne kitzliges Gras.<\/p>\n\n\n\n<p>Ach so und ich war die letzte Woche sogar zum Mittagessen und Schlafen im Kindergarten und alles hat super geklappt. Es gab sooo leckeren Schokopudding, den Mama und Papa mir ja immer noch vorenthalten. Auch sonst f\u00fchle ich mich dort pudelwohl und merke gar nicht, dass Mama und Papa nicht da sind.<\/p>\n\n\n\n<p>Sonst gibt es bei uns nicht viel Neues, aber Wolldeckenoma und Wolldeckenopa sind zu Besuch und das ist und wird noch eine tolle Zeit werden&#8230;&#8230;.<\/p>\n\n\n\n<p>So und nun noch einen sch\u00f6nen Abend und Euch allen ein sch\u00f6nes Wochenende mit einem spannenden WM-Finale.<\/p>\n\n\n\n<p>Euer Ole<\/p>\n","protected":false},"excerpt":{"rendered":"<p>Hall\u00f6chen Ihr Lieben, auf den Tag genau wurde ich heute 11 Monate alt. Und als Geschenk hat Mama mir liebenswerter Weise meine U6 geschenkt. Nicht das ich unsere Kinder\u00e4rztin nicht m\u00f6gen w\u00fcrde, aber es gab zus\u00e4tzlich zum Wiegen und Messen zwei ordentliche Piekser in die Oberschenkel. Das tat weh!!!! Meine aktuellen Daten Gewicht 8750g,Gr\u00f6\u00dfe 74cm &hellip; <a href=\"http:\/\/dachgeschoss.dnsalias.com\/wordpress\/2014\/07\/11\/11-monate-alt\/\" class=\"more-link\"><span class=\"screen-reader-text\">11 Monate alt<\/span> weiterlesen <span class=\"meta-nav\">&rarr;<\/span><\/a><\/p>\n","protected":false},"author":1,"featured_media":0,"comment_status":"closed","ping_status":"","sticky":false,"template":"","format":"standard","meta":[],"categories":[1],"tags":[],"_links":{"self":[{"href":"http:\/\/dachgeschoss.dnsalias.com\/wordpress\/wp-json\/wp\/v2\/posts\/257"}],"collection":[{"href":"http:\/\/dachgeschoss.dnsalias.com\/wordpress\/wp-json\/wp\/v2\/posts"}],"about":[{"href":"http:\/\/dachgeschoss.dnsalias.com\/wordpress\/wp-json\/wp\/v2\/types\/post"}],"author":[{"embeddable":true,"href":"http:\/\/dachgeschoss.dnsalias.com\/wordpress\/wp-json\/wp\/v2\/users\/1"}],"replies":[{"embeddable":true,"href":"http:\/\/dachgeschoss.dnsalias.com\/wordpress\/wp-json\/wp\/v2\/comments?post=257"}],"version-history":[{"count":1,"href":"http:\/\/dachgeschoss.dnsalias.com\/wordpress\/wp-json\/wp\/v2\/posts\/257\/revisions"}],"predecessor-version":[{"id":258,"href":"http:\/\/dachgeschoss.dnsalias.com\/wordpress\/wp-json\/wp\/v2\/posts\/257\/revisions\/258"}],"wp:attachment":[{"href":"http:\/\/dachgeschoss.dnsalias.com\/wordpress\/wp-json\/wp\/v2\/media?parent=257"}],"wp:term":[{"taxonomy":"category","embeddable":true,"href":"http:\/\/dachgeschoss.dnsalias.com\/wordpress\/wp-json\/wp\/v2\/categories?post=257"},{"taxonomy":"post_tag","embeddable":true,"href":"http:\/\/dachgeschoss.dnsalias.com\/wordpress\/wp-json\/wp\/v2\/tags?post=257"}],"curies":[{"name":"wp","href":"https:\/\/api.w.org\/{rel}","templated":true}]}}