{"id":251,"date":"2014-06-26T21:33:00","date_gmt":"2014-06-26T19:33:00","guid":{"rendered":"http:\/\/192.168.3.11\/wordpress\/?p=251"},"modified":"2024-01-30T20:16:45","modified_gmt":"2024-01-30T19:16:45","slug":"die-ersten-stunden-in-der-kita","status":"publish","type":"post","link":"http:\/\/dachgeschoss.dnsalias.com\/wordpress\/2014\/06\/26\/die-ersten-stunden-in-der-kita\/","title":{"rendered":"Die ersten Stunden in der Kita"},"content":{"rendered":"\n<p>Hall\u00f6chen Ihr Lieben,<\/p>\n\n\n\n<p>endlich bin ich (Ole) wieder fit. Das hat doch l\u00e4nger gedauert als Mama und Papa gedacht haben. Aber ich bin so fit, dass ich bereits meine ersten drei Kindergartentage hinter mir habe. Am Dienstag, den 24.06.2014 ist Papa mit mir gegen 9 Uhr zur Kita. Matti hat dort schon auf mich gewartet, denn Mama hat Matti schon um 7.30 Uhr gebracht und ist dann auf Arbeit, um ein wenig die Sachen zu erledigen, die im Alltag dann nicht mehr m\u00f6glich sein werden.<\/p>\n\n\n\n<p>Es ist toll morgens mit Papa zur Kita zu fahren, denn wir fahren mit dem Rad und ich sitze gem\u00fctlich im Croozer und gucke mir die Gegend an oder mache meinen gewohnten Vormittagsschlaf. Meine Erzieherin hei\u00dft Uli und hat mir schon den ganzen Kindergarten gezeigt. Ich f\u00fchle mich sichtlich wohl und alle besonders die M\u00e4dchen k\u00fcmmern sich r\u00fchrend um mich. Sogar am Singkreis habe ich schon teilgenommen. Auf dem Arm von Katja und popelnd;-) habe ich den Liedern gelauscht. Heute bin ich sogar ganz allein in der Kita geblieben. Doch nach 40 min. war es Papa so langweilig allein in Homburg, dass er mich wieder abgeholt hat;-). Ich habe gar nicht bemerkt, dass er \u00fcberhaupt weg war.Mir gef\u00e4llt es gut, aber die neuen Eindr\u00fccke machen sehr m\u00fcde, so dass ich auf dem Heimweg vor Ersch\u00f6pfung einschlafe.<\/p>\n\n\n\n<p>Mama und Papa hatten gro\u00dfe Bef\u00fcrchtungen, dass es f\u00fcr Matti schwierig sein wird, wenn ich mit Papa ohne ihn nach Hause fahre, aber er macht es wirklich super. Ein bi\u00dfchen hat er schon geweint, aber gar nicht viel. Er ist eben MEIN gro\u00dfer Bruder.<\/p>\n\n\n\n<p>Ja ich (Matti) finde es richtig sch\u00f6n, dass Ole jetzt auch in meine M\u00e4usegruppe kommt. Ich genie\u00dfe es auch sehr, dass Papa f\u00fcr ein paar Stunden in der Kita ist und kann mich dann gar nicht von ihm trennen und m\u00f6chte ihm alles zeigen. Traurig bin ich dann, wenn die beiden wieder fahren. Einerseits verstehe ich es ja, aber andererseits bin ich schon traurig, aber ich werde ja gleich nach dem Imbi\u00df von Papa mit dem Fahrrad abgeholt und dann d\u00fcsen wir zu Mama und Ole. Das macht Spa\u00df!!!!<\/p>\n\n\n\n<p>Zuhause haben wir endlich den Swimmingpool aus meinem Spielh\u00e4uschen geholt und ich habe ihn eigenh\u00e4ndig mit ganz viel Geduld aufgepumpt. Am meisten macht das Anlaufen und Reinspringen Spa\u00df!!!Und Ole feuert mich dabei an und ist plitschena\u00df von meinem Springen;-).Und wir haben rote und wei\u00dfe Johannesbeeren gepfl\u00fcckt und ich habe gaaanz viele gegessen. Mama und Papa sind begeistert!!!Und Papa und ich zelten die Nacht auf der Terrasse mit Mama und Papas Zelt, Schlafsack, Taschenlampe, B\u00fcchern, Kuscheltieren und etwas zum Trinken. Ein richtiges M\u00e4nnerabenteuer&#8230;..<\/p>\n\n\n\n<p>So und nun verabschieden wir uns und genie\u00dfen die erste Nacht im Zelt.<\/p>\n\n\n\n<p>Bis bald<\/p>\n\n\n\n<p>Euer Ole und Euer Mattes<\/p>\n\n\n\n<p>P.s.: Unter Fotos (rechts oben) findet Ihr einen Sardinienordner, in dem ihr die restlichen Bilder von unserer Reise sortiert anschauen k\u00f6nnt.<\/p>\n","protected":false},"excerpt":{"rendered":"<p>Hall\u00f6chen Ihr Lieben, endlich bin ich (Ole) wieder fit. Das hat doch l\u00e4nger gedauert als Mama und Papa gedacht haben. Aber ich bin so fit, dass ich bereits meine ersten drei Kindergartentage hinter mir habe. Am Dienstag, den 24.06.2014 ist Papa mit mir gegen 9 Uhr zur Kita. Matti hat dort schon auf mich gewartet, &hellip; <a href=\"http:\/\/dachgeschoss.dnsalias.com\/wordpress\/2014\/06\/26\/die-ersten-stunden-in-der-kita\/\" class=\"more-link\"><span class=\"screen-reader-text\">Die ersten Stunden in der Kita<\/span> weiterlesen <span class=\"meta-nav\">&rarr;<\/span><\/a><\/p>\n","protected":false},"author":1,"featured_media":0,"comment_status":"closed","ping_status":"","sticky":false,"template":"","format":"standard","meta":[],"categories":[1],"tags":[],"_links":{"self":[{"href":"http:\/\/dachgeschoss.dnsalias.com\/wordpress\/wp-json\/wp\/v2\/posts\/251"}],"collection":[{"href":"http:\/\/dachgeschoss.dnsalias.com\/wordpress\/wp-json\/wp\/v2\/posts"}],"about":[{"href":"http:\/\/dachgeschoss.dnsalias.com\/wordpress\/wp-json\/wp\/v2\/types\/post"}],"author":[{"embeddable":true,"href":"http:\/\/dachgeschoss.dnsalias.com\/wordpress\/wp-json\/wp\/v2\/users\/1"}],"replies":[{"embeddable":true,"href":"http:\/\/dachgeschoss.dnsalias.com\/wordpress\/wp-json\/wp\/v2\/comments?post=251"}],"version-history":[{"count":1,"href":"http:\/\/dachgeschoss.dnsalias.com\/wordpress\/wp-json\/wp\/v2\/posts\/251\/revisions"}],"predecessor-version":[{"id":252,"href":"http:\/\/dachgeschoss.dnsalias.com\/wordpress\/wp-json\/wp\/v2\/posts\/251\/revisions\/252"}],"wp:attachment":[{"href":"http:\/\/dachgeschoss.dnsalias.com\/wordpress\/wp-json\/wp\/v2\/media?parent=251"}],"wp:term":[{"taxonomy":"category","embeddable":true,"href":"http:\/\/dachgeschoss.dnsalias.com\/wordpress\/wp-json\/wp\/v2\/categories?post=251"},{"taxonomy":"post_tag","embeddable":true,"href":"http:\/\/dachgeschoss.dnsalias.com\/wordpress\/wp-json\/wp\/v2\/tags?post=251"}],"curies":[{"name":"wp","href":"https:\/\/api.w.org\/{rel}","templated":true}]}}