{"id":247,"date":"2014-06-15T23:17:00","date_gmt":"2014-06-15T21:17:00","guid":{"rendered":"http:\/\/192.168.3.11\/wordpress\/?p=247"},"modified":"2024-01-30T20:15:03","modified_gmt":"2024-01-30T19:15:03","slug":"wieder-eingelebt","status":"publish","type":"post","link":"http:\/\/dachgeschoss.dnsalias.com\/wordpress\/2014\/06\/15\/wieder-eingelebt\/","title":{"rendered":"Wieder eingelebt"},"content":{"rendered":"\n<p>Hall\u00f6chen Ihr Lieben,<\/p>\n\n\n\n<p>seit knapp einer Woche sind wir nun zur\u00fcck im Saarland und haben uns fast wieder eingelebt, haben fast alle Taschen ausgepackt und fast alle Sachen gewaschen :-).<\/p>\n\n\n\n<p>Ich (Ole) bin richtig gl\u00fccklich wieder Zuhause zu sein, denn hier kann ich robben und die Welt entdecken, ohne dass Mama und Papa mir st\u00e4ndig die Dinge wegnehmen, die ich doch so gern mit dem Mund erkunde (ich durfte weder die Muscheln noch die tollen Algenb\u00e4lle annagen;-)). Ich bin auch endlich wieder bei meiner TuTa und das macht mir richtig Spa\u00df. Und das Training ist tr\u00e4gt seine Fr\u00fcchte. Heute Morgen habe ich mich zum ersten Mal alleine hingesetzt. Das war soo toll und alle haben ganz laut geklatscht und Matti hat mich vor Freude abgeknuscht. Tja, aber irgendwie habe ich mir einen falschen Platz ausgesucht, denn in meiner Reichweite lag so gut wie gar nichts zum Spielen und wie ich vom Sitzen nun wieder ins Robben komme, habe ich erst 3 Stunden sp\u00e4ter verstanden;-). Ich habe mich heute glatte dreimal hingesetzt, wovon ich einmal den Weg auf den Bauch von ganz allein gefunden habe. Aber das macht auch ganz sch\u00f6n m\u00fcde und so schlafe ich zur Zeit neben einer Stunde vormittags 2,5 Stunden in der Mittagszeit. Damit schlafe ich endlich mal mehr als Matti;-). Und dann leuchten die oberen zwei Schneidez\u00e4hnchen durch und das ist so unangenehm, dass ich in alles kr\u00e4ftig reinbei\u00dfe, was mir in den Weg kommt (Papas Nase, Mamas Schulter, Mamas Arm, Papas Zehe&#8230;.) sie haben manchmal sogar rictig Angst vor mir;-). Dank der fast vier Z\u00e4hne ist es f\u00fcr mich seit ca. zwei Wochen gar kein Problem mehr Brot, Banane, Gurke oder Melone zu kauen. Ich genie\u00dfe es mit allen am Tisch zu sitzen und meine Sachen selber zu essen. Mama und Papa m\u00fcssen zwar danach immer gro\u00df sauber machen, aber das macht n\u00fct ;-). Sonst vertreibe ich mir den Tag mit Flirten und Sch\u00e4kern egal, ob Mann ob Frau ob gro\u00df oder klein, ich bin zur Zeit sehr kontaktfreudig. Tja und das nutzen Mama und Papa auch gleich, um mich in die M\u00e4usegruppe im Kindergarten einzuf\u00fchren. Morgen werde ich mit Papa das erste Mal so richtig in den Kindergarten. Mama ist schon ganz traurig, dass sich die Zeit zu zweit so langsam dem Ende neigt:-(.<\/p>\n\n\n\n<p>Ich (Mattes) bin mal gespannt, wie das wird, wenn Ole mit in den Kindergarten kommt. Ich habe mich im Gegensatz zu Mama und Papa von der ersten Sekunde an Zuhause wieder richtig gut eingelebt. Ich bin mit sooo gro\u00dfer Freude in den Kindergarten und habe gleich die tollen Geschichten, die wir im Urlaub erlebt haben, mit ganz viel Euphorie und Fantasie erz\u00e4hlt. Und Papa ja, ich habe den Wal aus dem Wasser springen sehen;-). Wir hatten die letzte Woche Waldwoche in der M\u00e4usegruppe und waren jeden Tag mit allen im Wald, wo wir ganz viel getobt, gespielt und ganz viel gesammelt haben. Jeden Tag habe ich viele tolle Sachen in meinem Rucksack nach Hause gebracht. Ich hatte nicht mal Zeit gehabt, meine Kekse im Wald zu essen, so interessant war es da. Und am Freitag durften alle Eltern mit, die Zeit hatten und Papa war dabei. Richtig gut fand ich das!!!!! Und nach der Kita sind wir jeden Tag in mein geliebtes Schwimmbad. Und ich kann jetzt einen richtigen Kopfsprung und mache die erste Schwimmversuche. Aber tauchen ist doch noch cooler.<\/p>\n\n\n\n<p>Ihr seht, es geht uns blendend und Ole und ich genie\u00dfen die Sommerzeit und auch das Fu\u00dfballgucken, wenn die Spiele um 18 Uhr kommen;-).<\/p>\n\n\n\n<p>So und nun sind wir mal auf das morgige Spiel gespannt und w\u00fcnschen Euch einen guten Start in die neue Woche.<\/p>\n\n\n\n<p>Bis bald<\/p>\n\n\n\n<p>Euer Ole und Euer Mattes<\/p>\n","protected":false},"excerpt":{"rendered":"<p>Hall\u00f6chen Ihr Lieben, seit knapp einer Woche sind wir nun zur\u00fcck im Saarland und haben uns fast wieder eingelebt, haben fast alle Taschen ausgepackt und fast alle Sachen gewaschen :-). Ich (Ole) bin richtig gl\u00fccklich wieder Zuhause zu sein, denn hier kann ich robben und die Welt entdecken, ohne dass Mama und Papa mir st\u00e4ndig &hellip; <a href=\"http:\/\/dachgeschoss.dnsalias.com\/wordpress\/2014\/06\/15\/wieder-eingelebt\/\" class=\"more-link\"><span class=\"screen-reader-text\">Wieder eingelebt<\/span> weiterlesen <span class=\"meta-nav\">&rarr;<\/span><\/a><\/p>\n","protected":false},"author":1,"featured_media":0,"comment_status":"closed","ping_status":"","sticky":false,"template":"","format":"standard","meta":[],"categories":[1],"tags":[],"_links":{"self":[{"href":"http:\/\/dachgeschoss.dnsalias.com\/wordpress\/wp-json\/wp\/v2\/posts\/247"}],"collection":[{"href":"http:\/\/dachgeschoss.dnsalias.com\/wordpress\/wp-json\/wp\/v2\/posts"}],"about":[{"href":"http:\/\/dachgeschoss.dnsalias.com\/wordpress\/wp-json\/wp\/v2\/types\/post"}],"author":[{"embeddable":true,"href":"http:\/\/dachgeschoss.dnsalias.com\/wordpress\/wp-json\/wp\/v2\/users\/1"}],"replies":[{"embeddable":true,"href":"http:\/\/dachgeschoss.dnsalias.com\/wordpress\/wp-json\/wp\/v2\/comments?post=247"}],"version-history":[{"count":1,"href":"http:\/\/dachgeschoss.dnsalias.com\/wordpress\/wp-json\/wp\/v2\/posts\/247\/revisions"}],"predecessor-version":[{"id":248,"href":"http:\/\/dachgeschoss.dnsalias.com\/wordpress\/wp-json\/wp\/v2\/posts\/247\/revisions\/248"}],"wp:attachment":[{"href":"http:\/\/dachgeschoss.dnsalias.com\/wordpress\/wp-json\/wp\/v2\/media?parent=247"}],"wp:term":[{"taxonomy":"category","embeddable":true,"href":"http:\/\/dachgeschoss.dnsalias.com\/wordpress\/wp-json\/wp\/v2\/categories?post=247"},{"taxonomy":"post_tag","embeddable":true,"href":"http:\/\/dachgeschoss.dnsalias.com\/wordpress\/wp-json\/wp\/v2\/tags?post=247"}],"curies":[{"name":"wp","href":"https:\/\/api.w.org\/{rel}","templated":true}]}}