{"id":239,"date":"2014-06-01T21:44:00","date_gmt":"2014-06-01T19:44:00","guid":{"rendered":"http:\/\/192.168.3.11\/wordpress\/?p=239"},"modified":"2024-01-30T20:10:57","modified_gmt":"2024-01-30T19:10:57","slug":"26-und-27-tag-kultureller-austausch","status":"publish","type":"post","link":"http:\/\/dachgeschoss.dnsalias.com\/wordpress\/2014\/06\/01\/26-und-27-tag-kultureller-austausch\/","title":{"rendered":"26. und 27. Tag Kultureller Austausch"},"content":{"rendered":"\n<p>Hall\u00f6chen Ihr Lieben,<\/p>\n\n\n\n<p>nach einem kleinen Serverabsturz k\u00f6nnen wir Euch wieder schreiben. Danke Olli!<\/p>\n\n\n\n<p>Die letzten zwei Tage haben wir unsere Zeit mit der Familie unseres Vermieters am Strand verbracht. Mit einem Fu\u00dfballduell fing alles an&#8230;..Sport l\u00e4sst einfach Grenzen und Sprachbarrieren nahezuh verschwinden. Neben Beachtennis und Beachvolleyball haben wir einiges \u00fcber das Leben auf Sardinien und ganz nebenbei noch etwas Italienisch gelernt. Matti ist so begeistert von Davido, dem 8 j\u00e4hrigem Sohn, dass er gar nicht mehr abreisen m\u00f6chte und Davido ist so begeistert von Ole, dass er jetzt auch noch einen kleinen Bruder haben m\u00f6chte. Dank der herzlichen und liebevollen Art f\u00fchlen wir uns pudelwohl und haben noch einige Geheimtipps f\u00fcr unseren n\u00e4chsten und damit letzten Stopp im Nordwesten Sardiniens, Stintino, bekommen.<\/p>\n\n\n\n<p>Bevor wir zum Strand sind, haben wir heute unseren zweiten Anlauf mit der Besichtigung der r\u00f6mischen Festung gestartet. Mama und Papa waren der Meinung, dass es heute k\u00fchler sei und somit das richtige Wetter, um alte im Staub liegende Ruinen ohne jeglichen Schatten zu besuchen. Soweit so gut, doch als Mama und Papa kurz vor dem Kassenh\u00e4uschen standen, waren sie schon schwei\u00dfgebadet. Der Anblick der zahllosen badenen Menschen am nahegelegenen Strand und die Frage von Matti, warum wir denn jetzt nicht baden gehen, lie\u00df sie schnell wieder umkehren. Schnell ging es an den Strand, leider hielt die Freude nicht lange an, denn wir haben wieder einmal etwas vergessen. Diesmal, man mag es kaum glauben, waren es Mattis gute Crocs:-(. Nach einem kurzen Donnerwetter und Tr\u00e4nen verflog bald die schlechte Stimmung. Leider zogen dann am Himmel dunkle Wolken auf und es wurde sehr windig. Das richtige Wetter f\u00fcr die r\u00f6mische Siedlung;-). Gut, dass wir in dem Moment Stefano mit seiner Familie getroffen haben, denn so wurde aus dem anfangs schwierigen noch ein richtig sch\u00f6ner Tag.&nbsp;<\/p>\n\n\n\n<p>Und Papa hatte am Ende so gute Laune, dass er ein drittes Mal den staubigen Weg nach Nora eingeschlagen hat. Und da waren sie, fein s\u00e4uberlich auf einen Stein gestellt, Mattis gr\u00fcne Schuhe!!!!!! Wir waren soooo gl\u00fccklich&#8230;&#8230;Es gibt doch noch nette Menschen&#8230;<\/p>\n\n\n\n<p>Ende gut, alles gut!<\/p>\n\n\n\n<p>In diesem Sinne w\u00fcnschen wir Euch einen sch\u00f6nen Sonntagabend.<\/p>\n\n\n\n<p>Eure 4 Wend\u00f6rfer<\/p>\n","protected":false},"excerpt":{"rendered":"<p>Hall\u00f6chen Ihr Lieben, nach einem kleinen Serverabsturz k\u00f6nnen wir Euch wieder schreiben. Danke Olli! Die letzten zwei Tage haben wir unsere Zeit mit der Familie unseres Vermieters am Strand verbracht. Mit einem Fu\u00dfballduell fing alles an&#8230;..Sport l\u00e4sst einfach Grenzen und Sprachbarrieren nahezuh verschwinden. Neben Beachtennis und Beachvolleyball haben wir einiges \u00fcber das Leben auf Sardinien &hellip; <a href=\"http:\/\/dachgeschoss.dnsalias.com\/wordpress\/2014\/06\/01\/26-und-27-tag-kultureller-austausch\/\" class=\"more-link\"><span class=\"screen-reader-text\">26. und 27. Tag Kultureller Austausch<\/span> weiterlesen <span class=\"meta-nav\">&rarr;<\/span><\/a><\/p>\n","protected":false},"author":1,"featured_media":0,"comment_status":"closed","ping_status":"","sticky":false,"template":"","format":"standard","meta":[],"categories":[1],"tags":[],"_links":{"self":[{"href":"http:\/\/dachgeschoss.dnsalias.com\/wordpress\/wp-json\/wp\/v2\/posts\/239"}],"collection":[{"href":"http:\/\/dachgeschoss.dnsalias.com\/wordpress\/wp-json\/wp\/v2\/posts"}],"about":[{"href":"http:\/\/dachgeschoss.dnsalias.com\/wordpress\/wp-json\/wp\/v2\/types\/post"}],"author":[{"embeddable":true,"href":"http:\/\/dachgeschoss.dnsalias.com\/wordpress\/wp-json\/wp\/v2\/users\/1"}],"replies":[{"embeddable":true,"href":"http:\/\/dachgeschoss.dnsalias.com\/wordpress\/wp-json\/wp\/v2\/comments?post=239"}],"version-history":[{"count":1,"href":"http:\/\/dachgeschoss.dnsalias.com\/wordpress\/wp-json\/wp\/v2\/posts\/239\/revisions"}],"predecessor-version":[{"id":240,"href":"http:\/\/dachgeschoss.dnsalias.com\/wordpress\/wp-json\/wp\/v2\/posts\/239\/revisions\/240"}],"wp:attachment":[{"href":"http:\/\/dachgeschoss.dnsalias.com\/wordpress\/wp-json\/wp\/v2\/media?parent=239"}],"wp:term":[{"taxonomy":"category","embeddable":true,"href":"http:\/\/dachgeschoss.dnsalias.com\/wordpress\/wp-json\/wp\/v2\/categories?post=239"},{"taxonomy":"post_tag","embeddable":true,"href":"http:\/\/dachgeschoss.dnsalias.com\/wordpress\/wp-json\/wp\/v2\/tags?post=239"}],"curies":[{"name":"wp","href":"https:\/\/api.w.org\/{rel}","templated":true}]}}