{"id":237,"date":"2014-05-30T21:56:00","date_gmt":"2014-05-30T19:56:00","guid":{"rendered":"http:\/\/192.168.3.11\/wordpress\/?p=237"},"modified":"2024-01-30T20:09:55","modified_gmt":"2024-01-30T19:09:55","slug":"25-tag-eis-am-stiel","status":"publish","type":"post","link":"http:\/\/dachgeschoss.dnsalias.com\/wordpress\/2014\/05\/30\/25-tag-eis-am-stiel\/","title":{"rendered":"25. Tag Eis am Stiel"},"content":{"rendered":"\n<p>Nach der heutigen Nacht steht es 4:0 f\u00fcr die M\u00fccken. Bis auf Ole waren wir ziemlich gebeutelt von der Nacht, so dass wir es heute Vormittag ruhig angingen Memory spielen (Matti ist zweiter geworden), lesen&#8230;&#8230;<\/p>\n\n\n\n<p>Am Nachmittag sind wir die wundersch\u00f6ne K\u00fcstenstra\u00dfe, die Chia mit Teulada verbindet, entlanggefahren. Ein kurzer Bade- und Schnorchelstopp am Strand und dann ging es mit gro\u00dfer Vorfreude auf ein paar Gesch\u00e4fte und ein Eis nach Teulada. Die so gro\u00dfartig angek\u00fcndigte Piazza war ein verschlafenes Bergdorf, was uns nicht einmal zum Anhalten anregte;-). Ein bi\u00dfchen entt\u00e4uscht ging es auf kurvenreichen Bergstra\u00dfen zur\u00fcck nach Chia. Matti und Ole waren beide ziemlich zerknirscht und Matti meinte nur:&#8220;Mama meine Laune f\u00e4llt. Ich wei\u00df nicht warum, aber meine Laune ist jetzt im K\u00f6rper.&#8220; &nbsp;Am Strand von Chia gab es zur Entsch\u00e4digung erst einmal ein Eis, diesmal am Stiel, denn eine Gellateria oder Restaurants suchen wir hier seit Tagen verzweifelt. Es ist einfach noch keine Saison&#8230;.Mattis Laune stieg, Oles auch und so machten wir einen Abendspaziergang zu dem Torre de Chia, einem von zahlreichen Wachtt\u00fcrmen, die im 16. Jahrhundert unter der spanischen Krone &nbsp;errichtet wurden und vor Angriffen von Priraten aus Afrika sch\u00fctzen sollte. Man mag es kaum glauben, aber Afrika (Tunesien) ist mit 150 km dichter dran als das italienische Festland mit 180km.<\/p>\n\n\n\n<p>So geht ein ruhiger Tag zu Ende.&nbsp;<\/p>\n\n\n\n<p>Euch allen ein sch\u00f6nes Wochenende.<\/p>\n\n\n\n<p>Eure 4 Wend\u00f6rfer<\/p>\n","protected":false},"excerpt":{"rendered":"<p>Nach der heutigen Nacht steht es 4:0 f\u00fcr die M\u00fccken. Bis auf Ole waren wir ziemlich gebeutelt von der Nacht, so dass wir es heute Vormittag ruhig angingen Memory spielen (Matti ist zweiter geworden), lesen&#8230;&#8230; Am Nachmittag sind wir die wundersch\u00f6ne K\u00fcstenstra\u00dfe, die Chia mit Teulada verbindet, entlanggefahren. Ein kurzer Bade- und Schnorchelstopp am Strand &hellip; <a href=\"http:\/\/dachgeschoss.dnsalias.com\/wordpress\/2014\/05\/30\/25-tag-eis-am-stiel\/\" class=\"more-link\"><span class=\"screen-reader-text\">25. Tag Eis am Stiel<\/span> weiterlesen <span class=\"meta-nav\">&rarr;<\/span><\/a><\/p>\n","protected":false},"author":1,"featured_media":0,"comment_status":"closed","ping_status":"","sticky":false,"template":"","format":"standard","meta":[],"categories":[1],"tags":[],"_links":{"self":[{"href":"http:\/\/dachgeschoss.dnsalias.com\/wordpress\/wp-json\/wp\/v2\/posts\/237"}],"collection":[{"href":"http:\/\/dachgeschoss.dnsalias.com\/wordpress\/wp-json\/wp\/v2\/posts"}],"about":[{"href":"http:\/\/dachgeschoss.dnsalias.com\/wordpress\/wp-json\/wp\/v2\/types\/post"}],"author":[{"embeddable":true,"href":"http:\/\/dachgeschoss.dnsalias.com\/wordpress\/wp-json\/wp\/v2\/users\/1"}],"replies":[{"embeddable":true,"href":"http:\/\/dachgeschoss.dnsalias.com\/wordpress\/wp-json\/wp\/v2\/comments?post=237"}],"version-history":[{"count":1,"href":"http:\/\/dachgeschoss.dnsalias.com\/wordpress\/wp-json\/wp\/v2\/posts\/237\/revisions"}],"predecessor-version":[{"id":238,"href":"http:\/\/dachgeschoss.dnsalias.com\/wordpress\/wp-json\/wp\/v2\/posts\/237\/revisions\/238"}],"wp:attachment":[{"href":"http:\/\/dachgeschoss.dnsalias.com\/wordpress\/wp-json\/wp\/v2\/media?parent=237"}],"wp:term":[{"taxonomy":"category","embeddable":true,"href":"http:\/\/dachgeschoss.dnsalias.com\/wordpress\/wp-json\/wp\/v2\/categories?post=237"},{"taxonomy":"post_tag","embeddable":true,"href":"http:\/\/dachgeschoss.dnsalias.com\/wordpress\/wp-json\/wp\/v2\/tags?post=237"}],"curies":[{"name":"wp","href":"https:\/\/api.w.org\/{rel}","templated":true}]}}