{"id":229,"date":"2014-05-25T22:47:00","date_gmt":"2014-05-25T20:47:00","guid":{"rendered":"http:\/\/192.168.3.11\/wordpress\/?p=229"},"modified":"2024-01-30T20:06:16","modified_gmt":"2024-01-30T19:06:16","slug":"20-tag-endlich-eingelebt-und-schon-zu-ende","status":"publish","type":"post","link":"http:\/\/dachgeschoss.dnsalias.com\/wordpress\/2014\/05\/25\/20-tag-endlich-eingelebt-und-schon-zu-ende\/","title":{"rendered":"20. Tag Endlich eingelebt und schon zu Ende"},"content":{"rendered":"\n<p>Heute Vormittag haben Mama und Papa die weitere Route geplant, Matti hat mit seiner neuen Spritzpistole die Blumen im Garten gegossen und Ole ist durch den Garten gerobbt und war so kaputt, dass er heute 2, 5h Mittagschlaf gemacht hat und immer noch m\u00fcde war.<\/p>\n\n\n\n<p>Bei viel Wind sind wir am Nachmittag in den Nachbarort Villasimius, wo uns eine Eisdiele w\u00e4rmstes empfohlen wurde. So richtig haben wir den Unterschied zu dem bisher gegessenen Eis nicht gemerkt, aber lecker war es trotzdem. Der R\u00fcckweg auf der wundersch\u00f6nen K\u00fcstenstra\u00dfe f\u00fchrte an einer Bucht vorbei, die Papa schon die ganzen Tage sich angucken wollte. Und das war wohl die beste, die wir bisher aufgesucht haben. Ein richtiger Kinderstrand, denn es ging ewig weit flach ohne irgendwelche Wellen und Wind ins Wasser. Umramt wird diese Bucht von Fels- und Steinformationen, die teilweise sehr k\u00fcnstlerisch aussehen. Nach einem Bad von Matti und Papa, einer kurzen Kletteraktion auf den h\u00f6chsten Punkt und Fische beobachten ging es recht sp\u00e4t nach Hause zum Abendbrot auf die Terrasse. Die Hoffnung steigt somit, dass Mama und Papa erst nach dem Sonnenaufgang aufstehen m\u00fcssen;-).<\/p>\n\n\n\n<p>Jetzt hei\u00dft es f\u00fcr Mama und Papa Koffer packen, denn morgen zieht die Karavane weiter Richtung Westen. Wir werden die n\u00e4chsten 7 Tage im S\u00fcdwesten Sardiniens in Margherita di Pula verbringen.&nbsp;<\/p>\n\n\n\n<p>Nun sind wir weiter auf die Ergebnisse der Europawahl gespannt und w\u00fcnschen Euch eine &nbsp;guten Wochenstart.<\/p>\n\n\n\n<p>Eure 4 Wend\u00f6rfer<\/p>\n","protected":false},"excerpt":{"rendered":"<p>Heute Vormittag haben Mama und Papa die weitere Route geplant, Matti hat mit seiner neuen Spritzpistole die Blumen im Garten gegossen und Ole ist durch den Garten gerobbt und war so kaputt, dass er heute 2, 5h Mittagschlaf gemacht hat und immer noch m\u00fcde war. Bei viel Wind sind wir am Nachmittag in den Nachbarort &hellip; <a href=\"http:\/\/dachgeschoss.dnsalias.com\/wordpress\/2014\/05\/25\/20-tag-endlich-eingelebt-und-schon-zu-ende\/\" class=\"more-link\"><span class=\"screen-reader-text\">20. Tag Endlich eingelebt und schon zu Ende<\/span> weiterlesen <span class=\"meta-nav\">&rarr;<\/span><\/a><\/p>\n","protected":false},"author":1,"featured_media":0,"comment_status":"closed","ping_status":"","sticky":false,"template":"","format":"standard","meta":[],"categories":[1],"tags":[],"_links":{"self":[{"href":"http:\/\/dachgeschoss.dnsalias.com\/wordpress\/wp-json\/wp\/v2\/posts\/229"}],"collection":[{"href":"http:\/\/dachgeschoss.dnsalias.com\/wordpress\/wp-json\/wp\/v2\/posts"}],"about":[{"href":"http:\/\/dachgeschoss.dnsalias.com\/wordpress\/wp-json\/wp\/v2\/types\/post"}],"author":[{"embeddable":true,"href":"http:\/\/dachgeschoss.dnsalias.com\/wordpress\/wp-json\/wp\/v2\/users\/1"}],"replies":[{"embeddable":true,"href":"http:\/\/dachgeschoss.dnsalias.com\/wordpress\/wp-json\/wp\/v2\/comments?post=229"}],"version-history":[{"count":1,"href":"http:\/\/dachgeschoss.dnsalias.com\/wordpress\/wp-json\/wp\/v2\/posts\/229\/revisions"}],"predecessor-version":[{"id":230,"href":"http:\/\/dachgeschoss.dnsalias.com\/wordpress\/wp-json\/wp\/v2\/posts\/229\/revisions\/230"}],"wp:attachment":[{"href":"http:\/\/dachgeschoss.dnsalias.com\/wordpress\/wp-json\/wp\/v2\/media?parent=229"}],"wp:term":[{"taxonomy":"category","embeddable":true,"href":"http:\/\/dachgeschoss.dnsalias.com\/wordpress\/wp-json\/wp\/v2\/categories?post=229"},{"taxonomy":"post_tag","embeddable":true,"href":"http:\/\/dachgeschoss.dnsalias.com\/wordpress\/wp-json\/wp\/v2\/tags?post=229"}],"curies":[{"name":"wp","href":"https:\/\/api.w.org\/{rel}","templated":true}]}}