{"id":223,"date":"2014-05-22T18:59:00","date_gmt":"2014-05-22T16:59:00","guid":{"rendered":"http:\/\/192.168.3.11\/wordpress\/?p=223"},"modified":"2024-01-30T20:03:35","modified_gmt":"2024-01-30T19:03:35","slug":"17-tag-die-hauptstadt-cagliari","status":"publish","type":"post","link":"http:\/\/dachgeschoss.dnsalias.com\/wordpress\/2014\/05\/22\/17-tag-die-hauptstadt-cagliari\/","title":{"rendered":"17. Tag Die Hauptstadt Cagliari"},"content":{"rendered":"\n<p>Hall\u00f6chen Ihr Lieben,<\/p>\n\n\n\n<p>unser Morgen fing schon etwas turbulent an, denn Papa meinte es heute mit Ole besonders gut und f\u00fcllte ein paar mehr L\u00f6ffel Milchpulver in die selbe Menge Wasser. Das hatte leider nur zur Folge, dass Ole ziemlich \u00e4rgerlich wurde, da er nichts aus der Flasche herausbekam, da sich ein paar Kl\u00fcmpchen im Sauger festgesetzt hatten. Nur mit einer Nadel konnte die Operation Nuckelflasche erfolgreich beendet werden. Nach dieser kleinen Aufregung ging es gut gelaunt mit unser Sardinienhymne in den Tag.<\/p>\n\n\n\n<p>Leider ist es bei uns immer noch so wolkig, dass Matti heute Morgen gefragt hat, ob wir wieder in den Bergen sind;-). Also entschlossen wir uns f\u00fcr eine St\u00e4dtebesichtigung. Nach einer einst\u00fcndigen Fahrt hatten wir die gr\u00f6\u00dfte Stadt und zugleich Hauptstadt Sardiniens, Cagliari erreicht. Als allerstes haben wir Flamingos noch vom Autos aus gesehen und diesmal waren sie richtig nah dran, nur leider konnte man auf der Schnellstra\u00dfe nirgendwo halten. Geparkt haben wir in der N\u00e4he des Hafens und sind dann ganz gem\u00fctlich bei Nieselregen durch die Stra\u00dfen geschlendert. Im alten Stadtteil ist alles noch so urig, ganz schmale Gassen und die zum Teil schon sehr stark verwitterten Fassaden sind so unterschiedlich an jedem Haus, dass es Spa\u00df macht sie zubetrachten. Viele Blumen und Gr\u00fcnpflanzen s\u00e4umen die so engen und kleinen Balkone. Die Altstadt von Cagliari wird auch Castello genannt und befindet sich auf einer H\u00fcgelspitze, von der man eigentlich den Golf von Cagliari \u00fcberblicken kann. Nur uns waren die vielen Wolken im Weg. An der Kathedrale Santa Maria di Castello haben wir eine Mittagspause eingelegt und unsere Mitstreiter, zwei Heilbronner, aus den Bergen wiedergetroffen. Pl\u00f6ttzlich fing es an zu donnern und es wurde immer dunkler. Schnell machten wir uns auf den Weg zur\u00fcck und suchten einen Unterstand. Nach vielem Hin-und Her und einigen Missverst\u00e4mdnissen zwischen Mama und Papa, was wir denn als n\u00e4chsten machen w\u00fcrden, haben wir uns im Auto auf dem Weg nach Hause wiedergefunden. Papa war sehr zerknirscht, dass er das Amphitheater nicht mehr sehen konnte. Mama war zerknirscht, weil Papa zerknirscht war und beide Zwerde fingen an zu schnarchen&#8230;&#8230;So ging es zur\u00fcck in die Ferienwohnung. Zwei Stunden sp\u00e4ter hatte sich das Wetter und auch unsere Stimmung wieder gebessert und wir haben gem\u00fctlich Abendbrot auf der Terrasse gegessen. Matti und Papa sind dann noch mal an unseren Hausstrand die Angel von Oma und Opa Lutz ausprobieren gegangen. Leider ohne Erfolg. Matti meint: &#8222;Wir haben nichts gefangen, denn Opa Lutz hat gesagt, dass es gar nicht steinig sein darf. Wir waren einfach an der falschen Ecke.&#8220; Nun sitzen wir in der Fereinwohnung und gucken einem erneuten Gewitter zu und hoffen f\u00fcr morgen auf besseres Wetter.&nbsp;<\/p>\n\n\n\n<p>Bis bald<\/p>\n\n\n\n<p>Eure 4 Wend\u00f6rfer<\/p>\n","protected":false},"excerpt":{"rendered":"<p>Hall\u00f6chen Ihr Lieben, unser Morgen fing schon etwas turbulent an, denn Papa meinte es heute mit Ole besonders gut und f\u00fcllte ein paar mehr L\u00f6ffel Milchpulver in die selbe Menge Wasser. Das hatte leider nur zur Folge, dass Ole ziemlich \u00e4rgerlich wurde, da er nichts aus der Flasche herausbekam, da sich ein paar Kl\u00fcmpchen im &hellip; <a href=\"http:\/\/dachgeschoss.dnsalias.com\/wordpress\/2014\/05\/22\/17-tag-die-hauptstadt-cagliari\/\" class=\"more-link\"><span class=\"screen-reader-text\">17. Tag Die Hauptstadt Cagliari<\/span> weiterlesen <span class=\"meta-nav\">&rarr;<\/span><\/a><\/p>\n","protected":false},"author":1,"featured_media":0,"comment_status":"closed","ping_status":"","sticky":false,"template":"","format":"standard","meta":[],"categories":[1],"tags":[],"_links":{"self":[{"href":"http:\/\/dachgeschoss.dnsalias.com\/wordpress\/wp-json\/wp\/v2\/posts\/223"}],"collection":[{"href":"http:\/\/dachgeschoss.dnsalias.com\/wordpress\/wp-json\/wp\/v2\/posts"}],"about":[{"href":"http:\/\/dachgeschoss.dnsalias.com\/wordpress\/wp-json\/wp\/v2\/types\/post"}],"author":[{"embeddable":true,"href":"http:\/\/dachgeschoss.dnsalias.com\/wordpress\/wp-json\/wp\/v2\/users\/1"}],"replies":[{"embeddable":true,"href":"http:\/\/dachgeschoss.dnsalias.com\/wordpress\/wp-json\/wp\/v2\/comments?post=223"}],"version-history":[{"count":1,"href":"http:\/\/dachgeschoss.dnsalias.com\/wordpress\/wp-json\/wp\/v2\/posts\/223\/revisions"}],"predecessor-version":[{"id":224,"href":"http:\/\/dachgeschoss.dnsalias.com\/wordpress\/wp-json\/wp\/v2\/posts\/223\/revisions\/224"}],"wp:attachment":[{"href":"http:\/\/dachgeschoss.dnsalias.com\/wordpress\/wp-json\/wp\/v2\/media?parent=223"}],"wp:term":[{"taxonomy":"category","embeddable":true,"href":"http:\/\/dachgeschoss.dnsalias.com\/wordpress\/wp-json\/wp\/v2\/categories?post=223"},{"taxonomy":"post_tag","embeddable":true,"href":"http:\/\/dachgeschoss.dnsalias.com\/wordpress\/wp-json\/wp\/v2\/tags?post=223"}],"curies":[{"name":"wp","href":"https:\/\/api.w.org\/{rel}","templated":true}]}}