{"id":219,"date":"2014-05-21T07:02:00","date_gmt":"2014-05-21T05:02:00","guid":{"rendered":"http:\/\/192.168.3.11\/wordpress\/?p=219"},"modified":"2024-01-30T20:01:30","modified_gmt":"2024-01-30T19:01:30","slug":"probiers-mal-mit-bequemlichkeit","status":"publish","type":"post","link":"http:\/\/dachgeschoss.dnsalias.com\/wordpress\/2014\/05\/21\/probiers-mal-mit-bequemlichkeit\/","title":{"rendered":"Probier`s mal mit Bequemlichkeit"},"content":{"rendered":"\n<p>Hall\u00f6chen Ihr Lieben,<\/p>\n\n\n\n<p>es ist schon ein paar Tage her, dass ich neun Monate geworden bin, aber ich habe vor lauter neuen Eindr\u00fccken kaum Zeit, etwas f\u00fcr Euch zu schreiben. Ich genie\u00dfe die Zeit mit Mama, Papa und Matti sehr und freue mich besonders, wenn ich Papa oder Matti sehe. Manchmal bettele ich f\u00f6rmlich darum, von Mamas auf Papas Arm genommem zu werden. Mama ist dann auch gar nicht traurig, denn sie kennt das schon von Matti als er in dem Alter war.<\/p>\n\n\n\n<p>Matti ist der beste Bruder, den man sich vorstellen kann. Er macht viel Qutasch mit mir und bringt mich immer laut zum Lachen. Und er passt auch gut auf mich auf.&nbsp;<\/p>\n\n\n\n<p>Zu meiner Entwicklung ist zu sagen, dass ich mich seit ein paar Tagen mehrmals t\u00e4glich in den Vierf\u00fc\u00dflerstand begebe und mit dem Po anfange zu wippen. Das habe ich bei Sophie, meiner Physiopartnerin gesehen und probiere es jetzt auch mal aus. Der Sand eignet sich super dazu. Doch irgendwie komme ich damit nicht vorw\u00e4rts, so dass ich dann schnell auf meine Robbk\u00fcnste zur\u00fcckgreife. Ich liebe es zur Zeit im Strand zu liegen und den Sand durch meine H\u00e4nde rinnen zu lassen. Die Algen hier am Strand sehen auch ganz interessant aus und passen genau in meinen Mund. Doch Mama und Papa, ja selbst Matti nehmen sie mir immer wieder weg:-(. Sonst genie\u00dfe ich hier auf Sardinien die volle Aufmerksamkeit der Leute, aber ehrlich gesagt, interessiert mich das wenig. Sonst bin ich sehr neugierig und beobachte alles ganz genau. Und Mama und Papa sagen, ich w\u00e4re faul oder netter ausgedr\u00fcckt bequem, weil ich nicht mal meine Flasche zum Trinken selber halte &nbsp;will. &nbsp;Ach nach wem komme ich da blo\u00df?;-). Minimaler Aufwand f\u00fcr das bestm\u00f6gliche Resultat, frei nach Opa Lutz Motto: Wenn du zeigst, dass du es kannst, dann darfst du es immer selber machen;-). Sehr gern mag ich es, in &nbsp;meinem Tragerucksack zu sitzen und alles von oben zu beobachten oder Mama an den Haaren zu ziehen und mich dabei kaputt zu lachen. Doch Mama sagt, ich darf da erst \u00f6fter und l\u00e4nger drin getragen werden, wenn ich selber sitzen kann. Tja, und das kann noch ein wenig dauern&#8230;..Nat\u00fcrlich ga &nbsp;es auch schon mal die ein oder andere Ausnahme;-).<\/p>\n\n\n\n<p>Zu meiner sprachlichen Entwicklung ist zu sagen, dass ich inbr\u00fcnstig Silben wie mamamama oder nananana oder dadadada vor mich hin brabble und den Spitznamen &#8222;Schreihannes&#8220; immer noch habe, da ich von Zeit zu Zeit meine \u00c4u\u00dferungen in lautem, aber nicht weinerlichem, sondern bestimmten Schreien kund tue.&nbsp;<\/p>\n\n\n\n<p>Das war es erst einmal zu den Neuigkeiten von mir. Ich kuschle mich jetzt wieder ganz fest in mein Stillkissen, ohne dass ich einfach nicht schlafen kann.<\/p>\n\n\n\n<p>Bis bald<\/p>\n\n\n\n<p>Euer Ole&nbsp;<\/p>\n","protected":false},"excerpt":{"rendered":"<p>Hall\u00f6chen Ihr Lieben, es ist schon ein paar Tage her, dass ich neun Monate geworden bin, aber ich habe vor lauter neuen Eindr\u00fccken kaum Zeit, etwas f\u00fcr Euch zu schreiben. Ich genie\u00dfe die Zeit mit Mama, Papa und Matti sehr und freue mich besonders, wenn ich Papa oder Matti sehe. Manchmal bettele ich f\u00f6rmlich darum, &hellip; <a href=\"http:\/\/dachgeschoss.dnsalias.com\/wordpress\/2014\/05\/21\/probiers-mal-mit-bequemlichkeit\/\" class=\"more-link\"><span class=\"screen-reader-text\">Probier`s mal mit Bequemlichkeit<\/span> weiterlesen <span class=\"meta-nav\">&rarr;<\/span><\/a><\/p>\n","protected":false},"author":1,"featured_media":0,"comment_status":"closed","ping_status":"","sticky":false,"template":"","format":"standard","meta":[],"categories":[1],"tags":[],"_links":{"self":[{"href":"http:\/\/dachgeschoss.dnsalias.com\/wordpress\/wp-json\/wp\/v2\/posts\/219"}],"collection":[{"href":"http:\/\/dachgeschoss.dnsalias.com\/wordpress\/wp-json\/wp\/v2\/posts"}],"about":[{"href":"http:\/\/dachgeschoss.dnsalias.com\/wordpress\/wp-json\/wp\/v2\/types\/post"}],"author":[{"embeddable":true,"href":"http:\/\/dachgeschoss.dnsalias.com\/wordpress\/wp-json\/wp\/v2\/users\/1"}],"replies":[{"embeddable":true,"href":"http:\/\/dachgeschoss.dnsalias.com\/wordpress\/wp-json\/wp\/v2\/comments?post=219"}],"version-history":[{"count":1,"href":"http:\/\/dachgeschoss.dnsalias.com\/wordpress\/wp-json\/wp\/v2\/posts\/219\/revisions"}],"predecessor-version":[{"id":220,"href":"http:\/\/dachgeschoss.dnsalias.com\/wordpress\/wp-json\/wp\/v2\/posts\/219\/revisions\/220"}],"wp:attachment":[{"href":"http:\/\/dachgeschoss.dnsalias.com\/wordpress\/wp-json\/wp\/v2\/media?parent=219"}],"wp:term":[{"taxonomy":"category","embeddable":true,"href":"http:\/\/dachgeschoss.dnsalias.com\/wordpress\/wp-json\/wp\/v2\/categories?post=219"},{"taxonomy":"post_tag","embeddable":true,"href":"http:\/\/dachgeschoss.dnsalias.com\/wordpress\/wp-json\/wp\/v2\/tags?post=219"}],"curies":[{"name":"wp","href":"https:\/\/api.w.org\/{rel}","templated":true}]}}