{"id":215,"date":"2014-05-19T22:27:00","date_gmt":"2014-05-19T20:27:00","guid":{"rendered":"http:\/\/192.168.3.11\/wordpress\/?p=215"},"modified":"2024-01-30T19:59:34","modified_gmt":"2024-01-30T18:59:34","slug":"14-tag-willkommen-sant-elmo","status":"publish","type":"post","link":"http:\/\/dachgeschoss.dnsalias.com\/wordpress\/2014\/05\/19\/14-tag-willkommen-sant-elmo\/","title":{"rendered":"14. Tag Willkommen Sant Elmo"},"content":{"rendered":"\n<p>Hall\u00f6chen Ihr Lieben,<\/p>\n\n\n\n<p>die letzte Nacht in den Bergen war st\u00fcrmisch und der Regen peitschte gegen die Fenster. Aufgewacht sind wir dank unseres Weckers Ole um 6 Uhr. Mama mit viel und Papa mit keinem Muskelkater&#8230;..Dann haben wir uns am leckeren Fr\u00fchst\u00fccksbuffet gest\u00e4rkt und nach Oles Vormittagsschlaf haben wir das Supramonte verlassen. Mama und Papa mit Wehmut, Matti mit Freude&#8230;.Die Sicht war unter 20 Meter und Papa brauchte seine ganze Konzentation, uns aus dem Supramonte heraus zu fahren. Auf dem Weg immer weider Schafe, Ziegen oder K\u00fche, denen das schlechte Wetter nichts ausmachte. 40 Minuten sp\u00e4ter waren wir wieder im Flachland. Die Jungs haben die ganze Fahrt geschlafen.&nbsp;<\/p>\n\n\n\n<p>Mit dunklen Wolken empfing uns unsere neue Unterkunft in Sant Elmo im S\u00fcdosten der Insel. In einer noch menschenleeren Ferienanlage steht auf einer Anh\u00f6he, diemal mit echtem Meerblick, unsere neue Wohnung. Der Regen, die dunklen Wolken und die M\u00fcdigkeit der gestrigen Wanderung haben Mama und Papa heute zum ersten Mal etwas pessimistisch dreinschauen lassen. Die Wellen zu gro\u00df, der Strand zu steinig, die Wohnung zu muffig, der Supermarkt zu leer&#8230;&#8230;Ja wie schnell man sich doch an den Luxus des Lebens gew\u00f6hnt. In der Zeit im Hotel haben wir wie K\u00f6nige gelebt und es ist immer schwer, wieder einen Schritt zur\u00fcck zu machen. Doch schnell haben sie sich an das wirklich Wichtige in ihrem Leben erinnert und daran, warum sie eigentlich diese Zeit verbringen, n\u00e4mlich um Zeit mit ihren wunderbaren Kindern zu verbringen. Die Kinder f\u00fchlen sich puddelwohl und Matti gef\u00e4llt der Garten zum Fu\u00dfball spielen und der etwas grobk\u00f6rnige Sand ist f\u00fcr Ole auch viel besser.&nbsp;<\/p>\n\n\n\n<p>Wir erwarten den morgigen Tag mit Spannung und w\u00fcnschen Euch allen eine gute Woche!<\/p>\n\n\n\n<p>Eure 4 Wend\u00f6rfer<\/p>\n","protected":false},"excerpt":{"rendered":"<p>Hall\u00f6chen Ihr Lieben, die letzte Nacht in den Bergen war st\u00fcrmisch und der Regen peitschte gegen die Fenster. Aufgewacht sind wir dank unseres Weckers Ole um 6 Uhr. Mama mit viel und Papa mit keinem Muskelkater&#8230;..Dann haben wir uns am leckeren Fr\u00fchst\u00fccksbuffet gest\u00e4rkt und nach Oles Vormittagsschlaf haben wir das Supramonte verlassen. Mama und Papa &hellip; <a href=\"http:\/\/dachgeschoss.dnsalias.com\/wordpress\/2014\/05\/19\/14-tag-willkommen-sant-elmo\/\" class=\"more-link\"><span class=\"screen-reader-text\">14. Tag Willkommen Sant Elmo<\/span> weiterlesen <span class=\"meta-nav\">&rarr;<\/span><\/a><\/p>\n","protected":false},"author":1,"featured_media":0,"comment_status":"closed","ping_status":"","sticky":false,"template":"","format":"standard","meta":[],"categories":[1],"tags":[],"_links":{"self":[{"href":"http:\/\/dachgeschoss.dnsalias.com\/wordpress\/wp-json\/wp\/v2\/posts\/215"}],"collection":[{"href":"http:\/\/dachgeschoss.dnsalias.com\/wordpress\/wp-json\/wp\/v2\/posts"}],"about":[{"href":"http:\/\/dachgeschoss.dnsalias.com\/wordpress\/wp-json\/wp\/v2\/types\/post"}],"author":[{"embeddable":true,"href":"http:\/\/dachgeschoss.dnsalias.com\/wordpress\/wp-json\/wp\/v2\/users\/1"}],"replies":[{"embeddable":true,"href":"http:\/\/dachgeschoss.dnsalias.com\/wordpress\/wp-json\/wp\/v2\/comments?post=215"}],"version-history":[{"count":1,"href":"http:\/\/dachgeschoss.dnsalias.com\/wordpress\/wp-json\/wp\/v2\/posts\/215\/revisions"}],"predecessor-version":[{"id":216,"href":"http:\/\/dachgeschoss.dnsalias.com\/wordpress\/wp-json\/wp\/v2\/posts\/215\/revisions\/216"}],"wp:attachment":[{"href":"http:\/\/dachgeschoss.dnsalias.com\/wordpress\/wp-json\/wp\/v2\/media?parent=215"}],"wp:term":[{"taxonomy":"category","embeddable":true,"href":"http:\/\/dachgeschoss.dnsalias.com\/wordpress\/wp-json\/wp\/v2\/categories?post=215"},{"taxonomy":"post_tag","embeddable":true,"href":"http:\/\/dachgeschoss.dnsalias.com\/wordpress\/wp-json\/wp\/v2\/tags?post=215"}],"curies":[{"name":"wp","href":"https:\/\/api.w.org\/{rel}","templated":true}]}}