{"id":199,"date":"2014-05-11T23:24:00","date_gmt":"2014-05-11T21:24:00","guid":{"rendered":"http:\/\/192.168.3.11\/wordpress\/?p=199"},"modified":"2024-01-30T19:50:46","modified_gmt":"2024-01-30T18:50:46","slug":"6-tag-ole-ist-heute-9-monate-alt","status":"publish","type":"post","link":"http:\/\/dachgeschoss.dnsalias.com\/wordpress\/2014\/05\/11\/6-tag-ole-ist-heute-9-monate-alt\/","title":{"rendered":"6. Tag Ole ist heute 9 Monate alt"},"content":{"rendered":"\n<p>Zur Feier des Tages hat Ole bis 7 Uhr geschlafen. Daf\u00fcr war Matti fr\u00fcher wach. Heute war es morgens schon so warm, dass &nbsp;wir sogar mit Sonnenschirm gefr\u00fchst\u00fcckt haben. W\u00e4hrend des Fr\u00fchst\u00fccks wurde dann eine Weile mit Oma Vroni und Opa Rudi und wenige Sekunden auch mit Onkel Chrissi geskypt. &nbsp;Das war Matti sehr wichtig, denn er wollte Oma Vroni unbedingt seine Verletzung am Knie zeigen, die er sich mit dem Spaten zugezogen hat;-). Gegen 10 Uhr ging es an den Strand, wo es heute trotz Wind ziemlich warm war. Siesta wie gewohnt in der Frienwohnung und diese ging wie es nun mal im Mittelmeerraum \u00fcblich ist, bis 16 Uhr (Matti musste sogar geweckt werden). W\u00e4hrenddessen zog es sich heute das erste Mal zu und es regenete leicht.Also beschlossen wir noch einmal die Flamingos zu suchen. Uns wurde ein Tipp gegeben, wo sie normalerweise zu dieser Jaheszeit br\u00fcten, doch das Fr\u00fchjahr scheint zu kalt gewesen zu sein, sie sind wohl weiter in den S\u00fcden geflogen und so haben wir wieder mal keinen zu Gesicht bekommen. Das Wetter wurde daf\u00fcr besser und wir sind Oles neunmonatigen Geburtstag mit einem Eis feiern gegangen. Das erste &nbsp;Mal ein klein wenig Schokoeis. Da hat er sich gefreut und fand es gar nicht gut, dass es nur ein bi\u00dfchen gab und dann wieder Obstbrei. Wie es nun mal in einer Touriregion so ist, haben fast alle Gesch\u00e4fte auch sonntags auf und wir sind ein wenig st\u00f6bern gewesen. Oma Vroni wir k\u00f6nnen dich beruhigen, wir haben Postkarten bekommen;-). Jetzt m\u00fcssen sie nur noch geschrieben werden&#8230;&#8230;Und in einem Gesch\u00e4ft hat Papa einen Katschi gesehen. Eigentlich wollte er Matti so einen selber bauen, aber seine Kinderaugen konnten nicht widerstehen;-). So ist Matti stolzer Besitzer einer sardischen Steinschleuder, die \u00fcbrigens super funktioniert. Zum Abend hin sind wir noch am Strand vorbei und Matti und Papa haben viele viele Steine ins Wasser geschleudert. Ole und Matti durften heute richtig lang aufbleiben, denn der Abend war wundersch\u00f6n warm.Ole viel hundem\u00fcde um 20 Uhr ( f\u00fcr jemanden, der 18 Uhr bew\u00f6hnt ist, echt sp\u00e4t) ins Bett und Matti war so euphorisch, dass er l\u00e4nger aufbleiben durfte, dass er gegen 21.30 Uhr immer noch nicht geschlafen hat. Hoffnung f\u00fcr Mama und Papa ein wenig l\u00e4ngr morgen fr\u00fch zu schlafen&#8230;..Mama und Papa haben den Abend mit einer Weinflasche vor dem Haus auf der Mauer und Sterne gucken verbracht.<\/p>\n\n\n\n<p>Ole hat die italienische Babynahrung \u00fcbrigens gut angenommen. Er ist zwar f\u00fcr seine 9 Monate etwas hinten dran mit der Motorik, sonst aber stets freudig vergn\u00fcgt und wenn er will, auch ziemlich flott im Robben. Er findet das Meer sehr interessant und man kann ihn dann kaum auf der Decke halten.Matti isst hier zum ersten Mal mit Freude Weintrauben und hat knoten gelernt. Jetzt fehlt nur noch die Schleife. Die Jungs wachsen und gedeihen auch in der Ferne;-).<\/p>\n\n\n\n<p>Und so freuen wir uns auf die n\u00e4chste Woche und w\u00fcnschen Euch allen einen guten Start in diese.<\/p>\n\n\n\n<p>Eure 4 Wend\u00f6rfer<\/p>\n","protected":false},"excerpt":{"rendered":"<p>Zur Feier des Tages hat Ole bis 7 Uhr geschlafen. Daf\u00fcr war Matti fr\u00fcher wach. Heute war es morgens schon so warm, dass &nbsp;wir sogar mit Sonnenschirm gefr\u00fchst\u00fcckt haben. W\u00e4hrend des Fr\u00fchst\u00fccks wurde dann eine Weile mit Oma Vroni und Opa Rudi und wenige Sekunden auch mit Onkel Chrissi geskypt. &nbsp;Das war Matti sehr wichtig, &hellip; <a href=\"http:\/\/dachgeschoss.dnsalias.com\/wordpress\/2014\/05\/11\/6-tag-ole-ist-heute-9-monate-alt\/\" class=\"more-link\"><span class=\"screen-reader-text\">6. Tag Ole ist heute 9 Monate alt<\/span> weiterlesen <span class=\"meta-nav\">&rarr;<\/span><\/a><\/p>\n","protected":false},"author":1,"featured_media":0,"comment_status":"closed","ping_status":"","sticky":false,"template":"","format":"standard","meta":[],"categories":[1],"tags":[],"_links":{"self":[{"href":"http:\/\/dachgeschoss.dnsalias.com\/wordpress\/wp-json\/wp\/v2\/posts\/199"}],"collection":[{"href":"http:\/\/dachgeschoss.dnsalias.com\/wordpress\/wp-json\/wp\/v2\/posts"}],"about":[{"href":"http:\/\/dachgeschoss.dnsalias.com\/wordpress\/wp-json\/wp\/v2\/types\/post"}],"author":[{"embeddable":true,"href":"http:\/\/dachgeschoss.dnsalias.com\/wordpress\/wp-json\/wp\/v2\/users\/1"}],"replies":[{"embeddable":true,"href":"http:\/\/dachgeschoss.dnsalias.com\/wordpress\/wp-json\/wp\/v2\/comments?post=199"}],"version-history":[{"count":1,"href":"http:\/\/dachgeschoss.dnsalias.com\/wordpress\/wp-json\/wp\/v2\/posts\/199\/revisions"}],"predecessor-version":[{"id":200,"href":"http:\/\/dachgeschoss.dnsalias.com\/wordpress\/wp-json\/wp\/v2\/posts\/199\/revisions\/200"}],"wp:attachment":[{"href":"http:\/\/dachgeschoss.dnsalias.com\/wordpress\/wp-json\/wp\/v2\/media?parent=199"}],"wp:term":[{"taxonomy":"category","embeddable":true,"href":"http:\/\/dachgeschoss.dnsalias.com\/wordpress\/wp-json\/wp\/v2\/categories?post=199"},{"taxonomy":"post_tag","embeddable":true,"href":"http:\/\/dachgeschoss.dnsalias.com\/wordpress\/wp-json\/wp\/v2\/tags?post=199"}],"curies":[{"name":"wp","href":"https:\/\/api.w.org\/{rel}","templated":true}]}}