{"id":183,"date":"2014-05-01T21:15:00","date_gmt":"2014-05-01T19:15:00","guid":{"rendered":"http:\/\/192.168.3.11\/wordpress\/?p=183"},"modified":"2024-01-30T18:55:39","modified_gmt":"2024-01-30T17:55:39","slug":"mein-erster-kindergottesdienst","status":"publish","type":"post","link":"http:\/\/dachgeschoss.dnsalias.com\/wordpress\/2014\/05\/01\/mein-erster-kindergottesdienst\/","title":{"rendered":"Mein erster Kindergottesdienst"},"content":{"rendered":"\n<p class=\"has-green-color has-text-color\">Hall\u00f6chen Ihr Lieben,<\/p>\n\n\n\n<p class=\"has-green-color has-text-color\">ich muss Euch unbedingt von meinem gestrigen Erlebnis berichten. Jeden letzten Mittwoch im Monat findet vom Kindergarten aus ein Kindergottesdienst statt. Und Mama und ich haben ihn gestern besucht. Nach einem kleinen Fr\u00fchst\u00fcck auf der Bank vor der Kirche, h\u00f6rten wir schon die vielen Kinderstimmen und da kam auch schon der gesamte Kindergarten in Zweierreihen an uns vorbei. Wir haben uns den Kindern ageschlossen mit Matti zusammen in einer Reihe Platz genommen. Ich war so begeistert von den vielen Kindern und konnte kaum auf Mamas Scho\u00df still sitzen. Dann erklang die Orgel und Matti fragte &#8222;Wei\u00dft du, wo die Musik herkommt, Mama?, Ich wei\u00df es!&#8220; Ich habe es sehr genossen, den Liedern und Texten zu lauschen und habe die ganze Zeit gelacht und geklatscht. Mittendrin hat mich pl\u00f6tzlich Mattis Erzieherin Alex auf den Scho\u00df genommen. Ich fand es super, aber Matti ist sofort hinterher und hat mich umklammert und gemeint:&#8220; Nein, das ist mein Ole und der soll auch bei uns sitzen, der soll bei Mama auf dem Scho\u00df sitzen.&#8220; Es war nichts zu machen, so dass Mama mich wieder zu sich genommen hat. Nach einer Weile hat es Katja noch einmal versucht, aber auch das war Matti \u00fcberhaupt nicht recht. Mein gro\u00dfer Bruder ist schon einer!! Alex meinte sp\u00e4ter, dass das wohl ein Ausdruck von Eifersucht ist, aber keine Ahnung&#8230;..Ich bin auf jeden Fall schon sehr gespannt wie die Eingew\u00f6hnung wird und freue mich schon riesig auf die Kinder. Und mein Matti passt auch super auf mich auf. Sobald nur ein anderes Kind in meine N\u00e4he kommt, ist er gleich zur Stelle und passt auf und erkl\u00e4rt ihnen, dass ich noch nicht reden oder laufen kann. Nach dem Gottesdienst war ich dann richtig m\u00fcde, aber zufrieden.<\/p>\n\n\n\n<p class=\"has-green-color has-text-color\">Und dann war gestern noch die Hexennacht. Wir waren gerade beim Fussballspielen im Garten, da kam Fritz unser Nachbar um die Ecke und machte Mama darauf aufmerksam, dass&nbsp; man in dieser Hexennacht lieber alles, was nicht niet- und nagelfest ist, reinholen sollte. Als Matti das Wort Hexe vernahm, hat er panisch die Augen aufgerissen und meinte:&#8220; Ich geh jetzt lieber rein!!!!&#8220; Mama und Fritz haben ihm dann erkl\u00e4rt, dass man in dieser Nacht Streiche spielt. Als Papa nach Hause kam meinte Matti als Erstes:&#8220; Papa heute ist Hexennacht und wir k\u00f6nnen Striche machen!&#8220; Mama hat in dieser Nacht eher bescheiden geschlafen. Unsere beiden Schisser!!! Papa und ich haben wunderbar geschlafen, es reicht ja, wenn zwei aufpassen;-). Im Grunde genommen ist nichts passiert, aber es liegt am n\u00e4chsten Tag \u00fcberall Klopapaier und Rasierschaum rum. Ziemlich d\u00e4mlich, wenn ihr mich fragt, aber es gibt sogar Eltern, die ihre kleinen Kinder abends begleiten, damit sie alles vollschmieren k\u00f6nnen. Bei uns ist nichts passiert und wir hatten einen fr\u00fchen Start in den 1. Mai.<\/p>\n\n\n\n<p class=\"has-green-color has-text-color\">Heute haben wir uns mit den zwei Familien aus dem Hebammenkurs von Matti getroffen und sind in den Wildpark auf dem Potzberg gefahren. Der Anfang war richtig toll, Sch\u00f6nes Wetter, Ziegen, die man f\u00fcttern konnte und ganz viele andere Tiere. Nach einem Picknick auf Holzst\u00e4mmen begann es aber leider wie aus Eimern zu regnen und sogar zu hageln. Bis auf mich, der gem\u00fctlich unter der Regenplane im Kinderwagen lag, wurden alle bis auf die Unterhose nass. Matti und Felias fanden es super, durch die Pf\u00fctzen zu springen. Mama und Papa fanden es eher weniger toll. am Ende sind wir zu Magdalena nach Hause gefahren und es gab trockene Sachen und warmen Kakao. Trotz Regen war es ein sehr sch\u00f6ner Tag!<\/p>\n\n\n\n<p class=\"has-green-color has-text-color\">So und nun m\u00fcssen wir noch unsere Sachen packen, denn am Sonntag geht es auf nach Bern und dann am Montag auf die F\u00e4hre nach Sardinien&#8230;..Wir sind schon ganz sch\u00f6n aufgeregt.<\/p>\n\n\n\n<p class=\"has-green-color has-text-color\">Wir werden Euch auf dem Laufenden halten.<\/p>\n\n\n\n<p class=\"has-green-color has-text-color\">Bis dahin<\/p>\n\n\n\n<p class=\"has-green-color has-text-color\">Alles Liebe<\/p>\n\n\n\n<p class=\"has-green-color has-text-color\">Euer Ole<\/p>\n","protected":false},"excerpt":{"rendered":"<p>Hall\u00f6chen Ihr Lieben, ich muss Euch unbedingt von meinem gestrigen Erlebnis berichten. Jeden letzten Mittwoch im Monat findet vom Kindergarten aus ein Kindergottesdienst statt. Und Mama und ich haben ihn gestern besucht. Nach einem kleinen Fr\u00fchst\u00fcck auf der Bank vor der Kirche, h\u00f6rten wir schon die vielen Kinderstimmen und da kam auch schon der gesamte &hellip; <a href=\"http:\/\/dachgeschoss.dnsalias.com\/wordpress\/2014\/05\/01\/mein-erster-kindergottesdienst\/\" class=\"more-link\"><span class=\"screen-reader-text\">Mein erster Kindergottesdienst<\/span> weiterlesen <span class=\"meta-nav\">&rarr;<\/span><\/a><\/p>\n","protected":false},"author":1,"featured_media":0,"comment_status":"closed","ping_status":"","sticky":false,"template":"","format":"standard","meta":[],"categories":[1],"tags":[],"_links":{"self":[{"href":"http:\/\/dachgeschoss.dnsalias.com\/wordpress\/wp-json\/wp\/v2\/posts\/183"}],"collection":[{"href":"http:\/\/dachgeschoss.dnsalias.com\/wordpress\/wp-json\/wp\/v2\/posts"}],"about":[{"href":"http:\/\/dachgeschoss.dnsalias.com\/wordpress\/wp-json\/wp\/v2\/types\/post"}],"author":[{"embeddable":true,"href":"http:\/\/dachgeschoss.dnsalias.com\/wordpress\/wp-json\/wp\/v2\/users\/1"}],"replies":[{"embeddable":true,"href":"http:\/\/dachgeschoss.dnsalias.com\/wordpress\/wp-json\/wp\/v2\/comments?post=183"}],"version-history":[{"count":1,"href":"http:\/\/dachgeschoss.dnsalias.com\/wordpress\/wp-json\/wp\/v2\/posts\/183\/revisions"}],"predecessor-version":[{"id":184,"href":"http:\/\/dachgeschoss.dnsalias.com\/wordpress\/wp-json\/wp\/v2\/posts\/183\/revisions\/184"}],"wp:attachment":[{"href":"http:\/\/dachgeschoss.dnsalias.com\/wordpress\/wp-json\/wp\/v2\/media?parent=183"}],"wp:term":[{"taxonomy":"category","embeddable":true,"href":"http:\/\/dachgeschoss.dnsalias.com\/wordpress\/wp-json\/wp\/v2\/categories?post=183"},{"taxonomy":"post_tag","embeddable":true,"href":"http:\/\/dachgeschoss.dnsalias.com\/wordpress\/wp-json\/wp\/v2\/tags?post=183"}],"curies":[{"name":"wp","href":"https:\/\/api.w.org\/{rel}","templated":true}]}}