{"id":177,"date":"2014-04-13T21:49:00","date_gmt":"2014-04-13T19:49:00","guid":{"rendered":"http:\/\/192.168.3.11\/wordpress\/?p=177"},"modified":"2024-01-30T18:31:45","modified_gmt":"2024-01-30T17:31:45","slug":"so-ein-mist","status":"publish","type":"post","link":"http:\/\/dachgeschoss.dnsalias.com\/wordpress\/2014\/04\/13\/so-ein-mist\/","title":{"rendered":"So ein Mist&#8230;"},"content":{"rendered":"\n<p class=\"has-green-color has-text-color\">Hall\u00f6chen Ihr Lieben,<\/p>\n\n\n\n<p class=\"has-green-color has-text-color\">am Freitag habe ich meinen 8 monatigen Geburtstag gefeiert und mit Folgemilch angesto\u00dfen;-). Ich habe seit letzter Woche mein Robben etwas verbessert und kann nun auch auf dem Wohnzimmerteppich robben. Leider bin ich sehr schnell m\u00fcde und \u00e4rgerlich, dass ich nicht weiterkomme. Das \u00e4u\u00dfert sich dann meist in lautem Schreien, was ganz sch\u00f6n auf die Ohren meiner Eltern geht. So eine Mist, dass ich einfach meinen Po nicht hochbekomme zum Krabbel. Aber es wird hoffentlich bald besser. Und dann habe ich nun schon wieder m\u00e4chtig Husten und n\u00e4chtliche Pseudokruppanf\u00e4lle. Gestern habe ich mir deshalb um 1 Uhr nachts den Sternenhimmel auf unserer Terrasse mit Mama und Papa angesehen;-). Und habe Dank unseres lieben Nachbarn Olli auch Cortisonz\u00e4pfchen bekommen. Aber toben mit Matti geht immer!!!!!<\/p>\n\n\n\n<p class=\"has-text-color\" style=\"color:#0000ff\">Mama hat Mattis Zimmer aufger\u00e4umt und geputzt. Als Matti nach Hause kam, hat er sich sehr dar\u00fcber gefreut. Am Wochenende steht Matti meist gegen 6 Uhr allein auf, zieht sich an und spielt in seinem Zimmer. Nur dieses Wochenende nicht, da stand er vor seinem Fenster und hat einfach nur rausgeschaut. Als Mama reinkam meinte er: &#8220; Ich spiele nicht, damit mein Zimmer ordentlich bleibt. Da freut sich die Oma bestimmt!&#8220;<\/p>\n\n\n\n<p class=\"has-text-color\" style=\"color:#0000ff\">Mama und Papa lernen zur Zeit mehr oder weniger flei\u00dfig Italienisch und haben mir heute Abend einige S\u00e4tze beigebracht wie :&#8220; Ich m\u00f6chte einen Apfelsaft.&#8220; Dann hat Matti gefragt;&#8220; Und wie hei\u00dfe ich auf Italienisch? Bestimmt Beto!!!&#8220;<\/p>\n\n\n\n<p class=\"has-text-color\" style=\"color:#0000ff\">Heute Morgen hat Matti mal wieder ziemlich gekr\u00fcmelt und meinte dann zu Mama und Papa:&#8220; Die Kr\u00fcmmel frisst jetzt die Sp\u00fclmaschine, Mama oder?&#8220;<\/p>\n\n\n\n<p class=\"has-text-color\" style=\"color:#0000ff\">So nun einen sch\u00f6nen Wochenstart<\/p>\n\n\n\n<p class=\"has-text-color\" style=\"color:#0000ff\">Bis bald<\/p>\n\n\n\n<p class=\"has-text-color\" style=\"color:#0000ff\">Euer Ole und Euer Mattes<\/p>\n","protected":false},"excerpt":{"rendered":"<p>Hall\u00f6chen Ihr Lieben, am Freitag habe ich meinen 8 monatigen Geburtstag gefeiert und mit Folgemilch angesto\u00dfen;-). Ich habe seit letzter Woche mein Robben etwas verbessert und kann nun auch auf dem Wohnzimmerteppich robben. Leider bin ich sehr schnell m\u00fcde und \u00e4rgerlich, dass ich nicht weiterkomme. Das \u00e4u\u00dfert sich dann meist in lautem Schreien, was ganz &hellip; <a href=\"http:\/\/dachgeschoss.dnsalias.com\/wordpress\/2014\/04\/13\/so-ein-mist\/\" class=\"more-link\"><span class=\"screen-reader-text\">So ein Mist&#8230;<\/span> weiterlesen <span class=\"meta-nav\">&rarr;<\/span><\/a><\/p>\n","protected":false},"author":1,"featured_media":0,"comment_status":"closed","ping_status":"","sticky":false,"template":"","format":"standard","meta":[],"categories":[1],"tags":[],"_links":{"self":[{"href":"http:\/\/dachgeschoss.dnsalias.com\/wordpress\/wp-json\/wp\/v2\/posts\/177"}],"collection":[{"href":"http:\/\/dachgeschoss.dnsalias.com\/wordpress\/wp-json\/wp\/v2\/posts"}],"about":[{"href":"http:\/\/dachgeschoss.dnsalias.com\/wordpress\/wp-json\/wp\/v2\/types\/post"}],"author":[{"embeddable":true,"href":"http:\/\/dachgeschoss.dnsalias.com\/wordpress\/wp-json\/wp\/v2\/users\/1"}],"replies":[{"embeddable":true,"href":"http:\/\/dachgeschoss.dnsalias.com\/wordpress\/wp-json\/wp\/v2\/comments?post=177"}],"version-history":[{"count":1,"href":"http:\/\/dachgeschoss.dnsalias.com\/wordpress\/wp-json\/wp\/v2\/posts\/177\/revisions"}],"predecessor-version":[{"id":178,"href":"http:\/\/dachgeschoss.dnsalias.com\/wordpress\/wp-json\/wp\/v2\/posts\/177\/revisions\/178"}],"wp:attachment":[{"href":"http:\/\/dachgeschoss.dnsalias.com\/wordpress\/wp-json\/wp\/v2\/media?parent=177"}],"wp:term":[{"taxonomy":"category","embeddable":true,"href":"http:\/\/dachgeschoss.dnsalias.com\/wordpress\/wp-json\/wp\/v2\/categories?post=177"},{"taxonomy":"post_tag","embeddable":true,"href":"http:\/\/dachgeschoss.dnsalias.com\/wordpress\/wp-json\/wp\/v2\/tags?post=177"}],"curies":[{"name":"wp","href":"https:\/\/api.w.org\/{rel}","templated":true}]}}