{"id":173,"date":"2014-04-06T20:19:00","date_gmt":"2014-04-06T18:19:00","guid":{"rendered":"http:\/\/192.168.3.11\/wordpress\/?p=173"},"modified":"2024-01-30T18:29:01","modified_gmt":"2024-01-30T17:29:01","slug":"es-geht-vorwaerts","status":"publish","type":"post","link":"http:\/\/dachgeschoss.dnsalias.com\/wordpress\/2014\/04\/06\/es-geht-vorwaerts\/","title":{"rendered":"Es geht vorw\u00e4rts&#8230;"},"content":{"rendered":"\n<p class=\"has-green-color has-text-color\">Hall\u00f6chen Ihr Lieben,<\/p>\n\n\n\n<p class=\"has-green-color has-text-color\">genau heute auf den Tag vor ungef\u00e4hr vier Stunden habe ich endlich verstanden wie ich vorw\u00e4rts komme. Mama hat mich auf meinen Parkettfu\u00dfboden nur mit Body gelegt und mein Lieblingsobjekt, ihr Handy, als K\u00f6der benutzt. Ich habe zun\u00e4chst hilflos mit Armen und Beinen gestrampelt, doch dann begonnen mich mit den Armen vorw\u00e4rts zu ziehen. Einfach toll dieses neue St\u00fcck Freiheit. Leider klappt das noch nicht auf meinem Krabbelteppich;-(. Aber ab morgen wird ge\u00fcbt und meine Physiotherapeutin wird staunen;-). Und gestern habe ich mit Oma Vroni geskypt und die hat mit mir &#8222;backe backe Kuchen&#8220; gespielt und das hat mich so animiert, dass ich nun auch klatschen kann, manchmal noch etwas unkoordiniert, aber es macht Spa\u00df! Und seit einer Woche schaffe ich es, mich vom Bauch auf den R\u00fccken zu drehen, erst \u00fcber die linke Seite und nun auch \u00fcber die rechte. Jetzt kann ich mich einnfach wieder zur\u00fcckrollen, wenn es mir auf dem Bauch zu m\u00fchsam wird;-). Sonst genie\u00dfe ich weiterhin die Zeit mit Mama Zuhause und entdecke nun bei diesem tollen, fast schon sommerlichen Wetter die Welt drau\u00dfen auf der Decke. Und ich liebe es einfach, wenn Matti in meiner N\u00e4he ist. Er bringt mich immer zum Lachen, da kann ich noch soooo m\u00fcde sein, wenn Matti da ist, ist alles wunderbar;-).<\/p>\n\n\n\n<p>Ich mag es auch sehr mit meinem Br\u00fcderchen zu toben, auch wenn Mama und Papa manchmal nicht so erfreut sind;-(. Ich gebe ja zu, ich bin manchmal zu wild&#8230;.Daf\u00fcr habe ich heute das erste Mal gerechnet. Ich habe n\u00e4mlich ausgerechnet wie alt Ole ist, wenn ich 4 Jahre bin, wenn ich 5 Jahre bin,&#8230;..und wenn ich 10 Jahre bin. Toll was?!!!! Mein Fazit: Ole wird immer kleiner bleiben als ich.&#8220; Sonst spielen wir, wenn wir Zeit haben Monopoly oder Quardtett und meine Ohren fangen dann oft an rot zu leuchten, da ich eine ganz sch\u00f6ne Schummelmaus bin und wenn ich l\u00fcge, dann werden meine Ohren rot und meine Nase lang;-). Ich mache sonst zur Zeit eine Phase durch, in der ich, wenn mit mir geschimpft wird, ziemlich \u00e4rgerlich werde und dann zu demjenigen sage; &#8222;Ich mag dich nicht mehr, ich bin nicht mehr dein Freund.&#8220; Aber auch das wird vor\u00fcber gehen. Sonst waren wir am Wochenende k\u00fcnstlerisch t\u00e4tig und haben Ostereier bemalt.<\/p>\n\n\n\n<p class=\"has-text-color\" style=\"color:#0000ff\">Als Papa die Eier ausgeblasen hat und das Eiklar raustriefte meinte Matti:&#8220; Guck mal das Ei hat ja Schnupfen!&#8220;<\/p>\n\n\n\n<p class=\"has-text-color\" style=\"color:#0000ff\">Im Kindergarten ist eine von Mattis Lieblingerzieherin schon eine Zeit lang krank und Mama fragt fast t\u00e4glich, ob sie wieder da ist. Matti nach einigen Tagen dieser Fragerei:&#8220; Mama, du brauchst nicht immer diese Frage haben, ich sage dir Bescheid, wenn sie wieder da ist.&#8220;<\/p>\n\n\n\n<p>Na gut so viel von uns. Wir w\u00fcnschen Euch allen eine sch\u00f6ne Woche.<\/p>\n\n\n\n<p>Bis bald<\/p>\n\n\n\n<p>Euer Ole und Euer Mattes<\/p>\n","protected":false},"excerpt":{"rendered":"<p>Hall\u00f6chen Ihr Lieben, genau heute auf den Tag vor ungef\u00e4hr vier Stunden habe ich endlich verstanden wie ich vorw\u00e4rts komme. Mama hat mich auf meinen Parkettfu\u00dfboden nur mit Body gelegt und mein Lieblingsobjekt, ihr Handy, als K\u00f6der benutzt. Ich habe zun\u00e4chst hilflos mit Armen und Beinen gestrampelt, doch dann begonnen mich mit den Armen vorw\u00e4rts &hellip; <a href=\"http:\/\/dachgeschoss.dnsalias.com\/wordpress\/2014\/04\/06\/es-geht-vorwaerts\/\" class=\"more-link\"><span class=\"screen-reader-text\">Es geht vorw\u00e4rts&#8230;<\/span> weiterlesen <span class=\"meta-nav\">&rarr;<\/span><\/a><\/p>\n","protected":false},"author":1,"featured_media":0,"comment_status":"closed","ping_status":"","sticky":false,"template":"","format":"standard","meta":[],"categories":[1],"tags":[],"_links":{"self":[{"href":"http:\/\/dachgeschoss.dnsalias.com\/wordpress\/wp-json\/wp\/v2\/posts\/173"}],"collection":[{"href":"http:\/\/dachgeschoss.dnsalias.com\/wordpress\/wp-json\/wp\/v2\/posts"}],"about":[{"href":"http:\/\/dachgeschoss.dnsalias.com\/wordpress\/wp-json\/wp\/v2\/types\/post"}],"author":[{"embeddable":true,"href":"http:\/\/dachgeschoss.dnsalias.com\/wordpress\/wp-json\/wp\/v2\/users\/1"}],"replies":[{"embeddable":true,"href":"http:\/\/dachgeschoss.dnsalias.com\/wordpress\/wp-json\/wp\/v2\/comments?post=173"}],"version-history":[{"count":1,"href":"http:\/\/dachgeschoss.dnsalias.com\/wordpress\/wp-json\/wp\/v2\/posts\/173\/revisions"}],"predecessor-version":[{"id":174,"href":"http:\/\/dachgeschoss.dnsalias.com\/wordpress\/wp-json\/wp\/v2\/posts\/173\/revisions\/174"}],"wp:attachment":[{"href":"http:\/\/dachgeschoss.dnsalias.com\/wordpress\/wp-json\/wp\/v2\/media?parent=173"}],"wp:term":[{"taxonomy":"category","embeddable":true,"href":"http:\/\/dachgeschoss.dnsalias.com\/wordpress\/wp-json\/wp\/v2\/categories?post=173"},{"taxonomy":"post_tag","embeddable":true,"href":"http:\/\/dachgeschoss.dnsalias.com\/wordpress\/wp-json\/wp\/v2\/tags?post=173"}],"curies":[{"name":"wp","href":"https:\/\/api.w.org\/{rel}","templated":true}]}}