{"id":171,"date":"2014-04-02T22:38:00","date_gmt":"2014-04-02T20:38:00","guid":{"rendered":"http:\/\/192.168.3.11\/wordpress\/?p=171"},"modified":"2024-01-30T18:27:34","modified_gmt":"2024-01-30T17:27:34","slug":"kurz-festgehalten","status":"publish","type":"post","link":"http:\/\/dachgeschoss.dnsalias.com\/wordpress\/2014\/04\/02\/kurz-festgehalten\/","title":{"rendered":"Kurz festgehalten&#8230;"},"content":{"rendered":"\n<p>Hall\u00f6chen Ihr Lieben,<\/p>\n\n\n\n<p>nur kurz ein paar Situationen, die festgehalten werden m\u00fcssen;-).<\/p>\n\n\n\n<p class=\"has-text-color\" style=\"color:#0000ff\">Durch die Zeitumstellung f\u00e4llt es uns alles sehr schwer, morgens aus dem Bett zu kommen. Matti zieht sich normalerweise morgens ganz allein an und das auch ziemlich schnell, da er immer erster sein m\u00f6chte. Nur gestern nicht, da sa\u00df er auf seinem Hocker im Bad und war zu m\u00fcde, um sich aus-bzw. anzuziehen. Da meinte er:&#8220; Mama, es ist gar nicht schlimm zweiter zu sein. Es macht mir gar nichts aus, zweiter zu sein.&#8220;<\/p>\n\n\n\n<p class=\"has-text-color\" style=\"color:#0000ff\">Es hat sich erneut ein Kindergartenkeim bei uns eingeschlichen und Ole und Matti sind stark am Husten. Deshalb hat Mama Matti gefragt, ob es nicht besser w\u00e4re, wenn er Zuhause bleiben w\u00fcrde. Daraufhin ging Matti mit folgenden Worten zu Papa, der sich gerade duschte:&#8220; Papa wir fr\u00fchst\u00fccken jetzt erst und dann bedenken wir, wie wir es heute machen!&#8220;<\/p>\n\n\n\n<p>Also Euch eine gute Nacht<\/p>\n\n\n\n<p>Bis bald<\/p>\n\n\n\n<p>Euer Ole und Euer Mattes<\/p>\n","protected":false},"excerpt":{"rendered":"<p>Hall\u00f6chen Ihr Lieben, nur kurz ein paar Situationen, die festgehalten werden m\u00fcssen;-). Durch die Zeitumstellung f\u00e4llt es uns alles sehr schwer, morgens aus dem Bett zu kommen. Matti zieht sich normalerweise morgens ganz allein an und das auch ziemlich schnell, da er immer erster sein m\u00f6chte. Nur gestern nicht, da sa\u00df er auf seinem Hocker &hellip; <a href=\"http:\/\/dachgeschoss.dnsalias.com\/wordpress\/2014\/04\/02\/kurz-festgehalten\/\" class=\"more-link\"><span class=\"screen-reader-text\">Kurz festgehalten&#8230;<\/span> weiterlesen <span class=\"meta-nav\">&rarr;<\/span><\/a><\/p>\n","protected":false},"author":1,"featured_media":0,"comment_status":"closed","ping_status":"","sticky":false,"template":"","format":"standard","meta":[],"categories":[1],"tags":[],"_links":{"self":[{"href":"http:\/\/dachgeschoss.dnsalias.com\/wordpress\/wp-json\/wp\/v2\/posts\/171"}],"collection":[{"href":"http:\/\/dachgeschoss.dnsalias.com\/wordpress\/wp-json\/wp\/v2\/posts"}],"about":[{"href":"http:\/\/dachgeschoss.dnsalias.com\/wordpress\/wp-json\/wp\/v2\/types\/post"}],"author":[{"embeddable":true,"href":"http:\/\/dachgeschoss.dnsalias.com\/wordpress\/wp-json\/wp\/v2\/users\/1"}],"replies":[{"embeddable":true,"href":"http:\/\/dachgeschoss.dnsalias.com\/wordpress\/wp-json\/wp\/v2\/comments?post=171"}],"version-history":[{"count":1,"href":"http:\/\/dachgeschoss.dnsalias.com\/wordpress\/wp-json\/wp\/v2\/posts\/171\/revisions"}],"predecessor-version":[{"id":172,"href":"http:\/\/dachgeschoss.dnsalias.com\/wordpress\/wp-json\/wp\/v2\/posts\/171\/revisions\/172"}],"wp:attachment":[{"href":"http:\/\/dachgeschoss.dnsalias.com\/wordpress\/wp-json\/wp\/v2\/media?parent=171"}],"wp:term":[{"taxonomy":"category","embeddable":true,"href":"http:\/\/dachgeschoss.dnsalias.com\/wordpress\/wp-json\/wp\/v2\/categories?post=171"},{"taxonomy":"post_tag","embeddable":true,"href":"http:\/\/dachgeschoss.dnsalias.com\/wordpress\/wp-json\/wp\/v2\/tags?post=171"}],"curies":[{"name":"wp","href":"https:\/\/api.w.org\/{rel}","templated":true}]}}