{"id":163,"date":"2014-03-15T20:39:00","date_gmt":"2014-03-15T19:39:00","guid":{"rendered":"http:\/\/192.168.3.11\/wordpress\/?p=163"},"modified":"2024-01-30T18:21:22","modified_gmt":"2024-01-30T17:21:22","slug":"7-monate-und-erste-beisserchen","status":"publish","type":"post","link":"http:\/\/dachgeschoss.dnsalias.com\/wordpress\/2014\/03\/15\/7-monate-und-erste-beisserchen\/","title":{"rendered":"7 Monate und erste Bei\u00dferchen"},"content":{"rendered":"\n<p class=\"has-green-color has-text-color\">Hall\u00f6chen Ihr Lieben,<\/p>\n\n\n\n<p class=\"has-green-color has-text-color\">es wird mal wieder Zeit Euch die neusten Neuigkeiten zu berichten. Ich bin nun 7 Monate und seit ein paar Tagen blickt mein erster Zahn durch. Es ist der rechte untere Schneidezahn. Sonst ist bei uns seit zwei Wochen der Wurm drin. Erst war Matti mit Fieber und Bronchitis krank, dann habe ich mich angesteckt, dann Mama und nun liege ich wieder mit hohem Fieber im Bett. Mama und Papa sind schon ganz verzweifelt. Da Mama auch richtig dollen Husten hat und Medikamente nimmt, bekomme ich seit 13.03.2014 keine Milch mehr;-). Ich bin nun ein komplettes Breikind;-). Essen ist \u00fcbrigens meine Leidenschaft und ich kann sogar schon sagen, dass ich Hunger habe. Ich melde mich dann immer mit:&#8220;mamamam&#8220;. Sobald nur jemand in der K\u00fcche werkelt, werde ich hellh\u00f6rig und bilde Speichel. Es geht auch gar nicht, dass die anderen drei essen und ich auf der Decke daneben liege und auf mein Essen warten muss. Tja und sonst bin ich seit zwei Wochen ganz sch\u00f6n schlapp und entwickle mich motorisch gar nicht weiter, ich mag mich eigentlich zur Zeit gar nicht bewegen und meine Physiotherapie pausieren wir krankheitsbedingt auch;-(.<\/p>\n\n\n\n<p class=\"has-green-color has-text-color\">Sonst sieht mein Tag meist so aus, dass ich zur Freude meiner Eltern so gegen 7 Uhr aufwache und dann nicht so schmackhafte Folgemilch bekomme. So gegen 8.30 Uhr gibt es dann das richtige Fr\u00fchst\u00fcck Obst-Haferbrei, der voll lecker ist. Zwischen 9 und 10 Uhr geht es dann ne Runde schlafen. Danach gehts entweder zur Physiotherapie oder spazieren oder schmusen oder&#8230;&#8230;Um 12 Uhr dann mampfe ich leckeren Gem\u00fcsekartoffelfleischbrei und falle hundem\u00fcde ins Bett. Zum Leid von Mama bin ich nicht der geborene Mittagsschl\u00e4fer, wenn es gut l\u00e4uft hat Mama 1,5 Stunden mal Zeit sich auszuruhen, aber oft werde ich auch schon vorher wach. Nachmittags gibt es dann immer Aktion mit Matti, ich freu mich wahnsinnig, wenn Papa und Matti nach Hause kommen. Manchmal \u00b4bin ich dann vom Toben so m\u00fcde, dass ich gegen 16 Uhr noch mal ne Rund im Kinderwagen ne Auszeit nehmen muss, bevor wir dann alle hungrig wie kleine Raubtiere das Abendbrot erwarten. Zwischen 18 und 19 Uhr geht es dann ohne Murren ins Bett und ich schlafe mittlerweile zur riesen Freude meiner Eltern manchmal sogar schon bis zum n\u00e4chsten Morgen durch. Zur Zeit wache ich aber aufgrund des Fiebers nachts \u00f6fter auf.<\/p>\n\n\n\n<p class=\"has-green-color has-text-color\">So viel von mir und nun noch einige lustige S\u00e4tze von Matti:<\/p>\n\n\n\n<p class=\"has-green-color has-text-color\">Er kam letztens mit Papa vom Einkaufen wieder und hat mit folgenden Worten einen Sack Karotten in die K\u00fcche getragenreingetragen: <strong>&#8222;Die hat der Papa gekauft, nun muss er sie auch essen!!!&#8220;<\/strong> ( ganz nach dem Motto: &#8222;Selber Schuld, aber helfen werde ich ihm nicht beim Essen.&#8220;Dazu muss man nat\u00fcrlich wissen, dass Matti kein Freund von Obst oder Gem\u00fcse ist.)<\/p>\n\n\n\n<p class=\"has-green-color has-text-color\">Beim M\u00e4rchenlesen Der Wolf und die 7 Gei\u00dflein hat Matti folgendes gefragt:<strong>&#8220; Mama hat der Wolf jetzt Wackelsteine im Bauch?&#8220;<\/strong><\/p>\n\n\n\n<p class=\"has-green-color has-text-color\">Au\u00dferdem \u00e4rgert Matti Mama und Papa immer damit, dass er absichtlich saarl\u00e4ndisch redet. Das kann man gar nicht widergeben, sondern dass m\u00fcsst ihr Euch einfach selber anh\u00f6ren.<\/p>\n\n\n\n<p class=\"has-green-color has-text-color\">So und nun werde ich mich weiter pflegen. Ein sch\u00f6nes Wochenende noch!<\/p>\n\n\n\n<p class=\"has-green-color has-text-color\">Bis bald<\/p>\n\n\n\n<p class=\"has-green-color has-text-color\">Euer Ole<\/p>\n","protected":false},"excerpt":{"rendered":"<p>Hall\u00f6chen Ihr Lieben, es wird mal wieder Zeit Euch die neusten Neuigkeiten zu berichten. Ich bin nun 7 Monate und seit ein paar Tagen blickt mein erster Zahn durch. Es ist der rechte untere Schneidezahn. Sonst ist bei uns seit zwei Wochen der Wurm drin. Erst war Matti mit Fieber und Bronchitis krank, dann habe &hellip; <a href=\"http:\/\/dachgeschoss.dnsalias.com\/wordpress\/2014\/03\/15\/7-monate-und-erste-beisserchen\/\" class=\"more-link\"><span class=\"screen-reader-text\">7 Monate und erste Bei\u00dferchen<\/span> weiterlesen <span class=\"meta-nav\">&rarr;<\/span><\/a><\/p>\n","protected":false},"author":1,"featured_media":0,"comment_status":"closed","ping_status":"","sticky":false,"template":"","format":"standard","meta":[],"categories":[1],"tags":[],"_links":{"self":[{"href":"http:\/\/dachgeschoss.dnsalias.com\/wordpress\/wp-json\/wp\/v2\/posts\/163"}],"collection":[{"href":"http:\/\/dachgeschoss.dnsalias.com\/wordpress\/wp-json\/wp\/v2\/posts"}],"about":[{"href":"http:\/\/dachgeschoss.dnsalias.com\/wordpress\/wp-json\/wp\/v2\/types\/post"}],"author":[{"embeddable":true,"href":"http:\/\/dachgeschoss.dnsalias.com\/wordpress\/wp-json\/wp\/v2\/users\/1"}],"replies":[{"embeddable":true,"href":"http:\/\/dachgeschoss.dnsalias.com\/wordpress\/wp-json\/wp\/v2\/comments?post=163"}],"version-history":[{"count":1,"href":"http:\/\/dachgeschoss.dnsalias.com\/wordpress\/wp-json\/wp\/v2\/posts\/163\/revisions"}],"predecessor-version":[{"id":164,"href":"http:\/\/dachgeschoss.dnsalias.com\/wordpress\/wp-json\/wp\/v2\/posts\/163\/revisions\/164"}],"wp:attachment":[{"href":"http:\/\/dachgeschoss.dnsalias.com\/wordpress\/wp-json\/wp\/v2\/media?parent=163"}],"wp:term":[{"taxonomy":"category","embeddable":true,"href":"http:\/\/dachgeschoss.dnsalias.com\/wordpress\/wp-json\/wp\/v2\/categories?post=163"},{"taxonomy":"post_tag","embeddable":true,"href":"http:\/\/dachgeschoss.dnsalias.com\/wordpress\/wp-json\/wp\/v2\/tags?post=163"}],"curies":[{"name":"wp","href":"https:\/\/api.w.org\/{rel}","templated":true}]}}