{"id":161,"date":"2014-03-07T19:18:00","date_gmt":"2014-03-07T18:18:00","guid":{"rendered":"http:\/\/192.168.3.11\/wordpress\/?p=161"},"modified":"2024-01-30T18:20:14","modified_gmt":"2024-01-30T17:20:14","slug":"endlich-vorbei","status":"publish","type":"post","link":"http:\/\/dachgeschoss.dnsalias.com\/wordpress\/2014\/03\/07\/endlich-vorbei\/","title":{"rendered":"Endlich vorbei&#8230;"},"content":{"rendered":"\n<p>Hall\u00f6chen Ihr Lieben,<\/p>\n\n\n\n<p>ein tiefes Aufatmen, denn nun ist endlich die n\u00e4rrische Jahreszeit vorbei;-). Alle in unserem Umkreis waren im Faschingsfieber, nur ich habe mich gefragt;&#8220; Warum verkleidet man sich, Mama und Papa?&#8220; Tja richtig plausibel waren die Antwortversuche nicht und da meine Eltern ebenfalls m\u00e4chtige Karnevalmuffel sind, habe ich wohl auch diese Gene mitbekommen. Auf jeden Fall bin ich als &#8222;Gar Nichts&#8220; in den Kindergarten zum Fasching am Rosenmontag gegangen, obwohl Mama und Papa ein tolles L\u00f6wenkost\u00fcm besorgt hatten;-(. Ich wollte am liebsten an diesem Tag Zuhause bleiben und nur durch die Fensterscheibe den Kindergarten betrachten. Leider ging das nicht. Allein die Aussicht, dass meine Freundin Sophie am Nachmittag mit zu uns nach Hause durfte, hat mich dann doch \u00fcberzeugt. Sophies kleiner Bruder Max liegt nun schon seit einer Woche mit Lungenentz\u00fcndung im Krankenhaus und da durfte sie bei uns zwei Tage nachmittags bleiben;-). Das war richtig sch\u00f6n. Wir haben im Doppelbett zusammen Mittagsschlaf machen d\u00fcrfen. Das war ein Spa\u00df. Nat\u00fcrlich waren wir so aufgedreht, dass das nur mit Mama zusammen geklappt hat. In ein paar Jahren sieht die Sache hoffentlich anders aus;-). Und dann sind wir sch\u00f6n drau\u00dfen toben gewesen. Nun zur\u00fcck zur Faschingsfeier. Die war gar nicht so schlecht. Ich habe vor lauter Toben gar nichts essen k\u00f6nnen und bin mit meinem Kumpel Fabian mit den K\u00f6pfen so stark zusammengesto\u00dfen, dass ihm seine Brille kaputt gegangen ist und ich nahe einer Platzwunde war;-(. Er musste dann fr\u00fcher abgeholt werden&#8230;.Am Ende hatte sogar ich Schminke im Gesicht, die von irgendwelchen Kindern abgef\u00e4rbt hat;-).<\/p>\n\n\n\n<p>Sonst bin ich zur Zeit noch durch die Olympischen Spiele im Biathlonfieber. Mit meinem Gewehr im Rucksack und der Skim\u00fctze von Mama sause ich zum gro\u00dfen Vergn\u00fcgen von Ole durch die Gegend. Da meine Eltern aber meinen, ich m\u00fcsste erst einmal mal Inliner fahren k\u00f6nnen, bevor ich Ski bekomme, habe ich bereits mit dem Training angefangen. Leider wollen die Dinger nicht so wie ich will&#8230;&#8230;<\/p>\n\n\n\n<p>Nun bin auch ich mal wieder seit Mittwochnachmittag au\u00dfer Gefecht bgesetzt. Ich habe hohes Fieber und Bronchitis. Das ist echt bescheiden und ich kann nur mit Hilfe von Fiebersaft und Hustensaft etwas nachts schlafen&#8230;.<\/p>\n\n\n\n<p>Und nun noch ein paar witzige Worte bzw. S\u00e4tze, mit denen ich meine Eltern zum Lachen gebracht habe.<\/p>\n\n\n\n<p>Mama, warum hast du Haar<strong>anfall<\/strong>?<\/p>\n\n\n\n<p>Ich m\u00f6chte Kinder<strong>wunsch<\/strong> trinken!<\/p>\n\n\n\n<p>Die Glocke hat<strong> geglockelt<\/strong>, es ist Schlafenszeit!<\/p>\n\n\n\n<p>Als Mama letztens ein engeres T-Shirt anhatte, habe ich an ihre H\u00fcften gefasst und gefragt:&#8220; Was ist da drin Mama?&#8220; ( Damit habe ich sie nicht wirklich zum Lachen gebracht;-))<\/p>\n\n\n\n<p>Manchmal nehme ich mir schon mal W\u00f6rter wie &#8222;doof&#8220; aus dem Kindergarten an. Meine Eltern haben mir erkl\u00e4rt, dass wenn man so etwas zu jemanden sagt, der jenige traurig ist und dass das nicht sch\u00f6n ist. Wenn ich nun Schimpfw\u00f6rter verwende, frage ich dann immer meine Eltern:&#8220; War das ein <strong>trauriges Wort<\/strong>?&#8220;<\/p>\n\n\n\n<p>Mehr fallen mir erst mal nicht ein, vielleicht sp\u00e4ter mehr.<\/p>\n\n\n\n<p>Ich ruh mich jetzt aus und w\u00fcnsche Euch allen ein sonniges Fr\u00fchlingswochenende.<\/p>\n\n\n\n<p>Bis bald<\/p>\n\n\n\n<p>Euer Mattes<\/p>\n","protected":false},"excerpt":{"rendered":"<p>Hall\u00f6chen Ihr Lieben, ein tiefes Aufatmen, denn nun ist endlich die n\u00e4rrische Jahreszeit vorbei;-). Alle in unserem Umkreis waren im Faschingsfieber, nur ich habe mich gefragt;&#8220; Warum verkleidet man sich, Mama und Papa?&#8220; Tja richtig plausibel waren die Antwortversuche nicht und da meine Eltern ebenfalls m\u00e4chtige Karnevalmuffel sind, habe ich wohl auch diese Gene mitbekommen. &hellip; <a href=\"http:\/\/dachgeschoss.dnsalias.com\/wordpress\/2014\/03\/07\/endlich-vorbei\/\" class=\"more-link\"><span class=\"screen-reader-text\">Endlich vorbei&#8230;<\/span> weiterlesen <span class=\"meta-nav\">&rarr;<\/span><\/a><\/p>\n","protected":false},"author":1,"featured_media":0,"comment_status":"closed","ping_status":"","sticky":false,"template":"","format":"standard","meta":[],"categories":[1],"tags":[],"_links":{"self":[{"href":"http:\/\/dachgeschoss.dnsalias.com\/wordpress\/wp-json\/wp\/v2\/posts\/161"}],"collection":[{"href":"http:\/\/dachgeschoss.dnsalias.com\/wordpress\/wp-json\/wp\/v2\/posts"}],"about":[{"href":"http:\/\/dachgeschoss.dnsalias.com\/wordpress\/wp-json\/wp\/v2\/types\/post"}],"author":[{"embeddable":true,"href":"http:\/\/dachgeschoss.dnsalias.com\/wordpress\/wp-json\/wp\/v2\/users\/1"}],"replies":[{"embeddable":true,"href":"http:\/\/dachgeschoss.dnsalias.com\/wordpress\/wp-json\/wp\/v2\/comments?post=161"}],"version-history":[{"count":1,"href":"http:\/\/dachgeschoss.dnsalias.com\/wordpress\/wp-json\/wp\/v2\/posts\/161\/revisions"}],"predecessor-version":[{"id":162,"href":"http:\/\/dachgeschoss.dnsalias.com\/wordpress\/wp-json\/wp\/v2\/posts\/161\/revisions\/162"}],"wp:attachment":[{"href":"http:\/\/dachgeschoss.dnsalias.com\/wordpress\/wp-json\/wp\/v2\/media?parent=161"}],"wp:term":[{"taxonomy":"category","embeddable":true,"href":"http:\/\/dachgeschoss.dnsalias.com\/wordpress\/wp-json\/wp\/v2\/categories?post=161"},{"taxonomy":"post_tag","embeddable":true,"href":"http:\/\/dachgeschoss.dnsalias.com\/wordpress\/wp-json\/wp\/v2\/tags?post=161"}],"curies":[{"name":"wp","href":"https:\/\/api.w.org\/{rel}","templated":true}]}}