{"id":149,"date":"2013-12-10T20:39:00","date_gmt":"2013-12-10T19:39:00","guid":{"rendered":"http:\/\/192.168.3.11\/wordpress\/?p=149"},"modified":"2024-01-30T18:14:26","modified_gmt":"2024-01-30T17:14:26","slug":"endlich-3-jahre-alt","status":"publish","type":"post","link":"http:\/\/dachgeschoss.dnsalias.com\/wordpress\/2013\/12\/10\/endlich-3-jahre-alt\/","title":{"rendered":"Endlich 3 Jahre alt !"},"content":{"rendered":"\n<p>Hall\u00f6chen Ihr Lieben,<\/p>\n\n\n\n<p>wir melden uns seit langer Zeit mal wieder bei Euch. Es liegen aufregende Tage hinter uns. Zuerst kamen Wolldeckenoma und Wolldeckenopa zu Besuch. Und dann kam der Nikolaus, er ist tats\u00e4chlich zu uns allen gekommen und hat uns leckere Dinge in die frisch geputzen Stiefel gepackt;-). In der Kita kam er sogar pers\u00f6nlich vorbei. Gut dass ich in dem Moment neben meiner Lieblingserzieherin Alex gesessen habe, denn sonst w\u00e4re ich wahrscheinlich vor Angst weggerannt;-). Tja und am n\u00e4chsten Tag war ja endlich mein dritter Geburtstag. Morgens (5.30 Uhr) bin ich erst mal zu Oma und Opa kuscheln gegangen und Mama und Papa haben den Tisch gedeckt. Dann hat mich Mama die Treppe zum Geburtstagsschlumpflied runtergetragen. Und da stand ein leckerer Schokokuchen mit einer sch\u00f6nen Kerze als 3 und mein Geburtstagszug mit Kerzen, aber noch besser war das riesige Indianerzelt, in dem alle meine Geschenke und Pakete lagen. Ich habe mich sofort auf das Zelt gest\u00fcrzt und ausgepackt. Ich habe sooo viele sch\u00f6ne B\u00fccher und Puzzle bekommen&#8230;&#8230;Ich habe sogar ein Puzzle mit 60 Teilen von Pittiplatsch bekommen. Das haben Papa und ich sofort gepuzzelt. Einfach toll!!!!! Es haben auch ganz viele Leute angerufen&#8230;&#8230;Dann gab es einen Mittagsschlaf und um 15 Uhr kamen meine Geburtstagsg\u00e4ste: Lisa mit Mama, Sophie mit Papa und Elias mit Mama. Oma, Papa und Mama haben eine super sch\u00f6ne Kaffeetafel gedeckt. Ich habe mir einen Kuchen als Ritterburg gew\u00fcnscht und im Burggraben sollten Haien aus Gummib\u00e4rchen schwimmen. Auch das haben die drei echt klasse hinbekommen. Vielen Dank!!!! Nach dem Kaffeetrinken sind wir in mein Zimmer und haben Topfschlagen gespielt. Alle bis auf mich fanden es super;-(. Ich wollte nicht meine Augen verbinden lassen&#8230;Das Autorennspiel dagegen war toll. Und Lisa hat gewonnen;-). Gegen 18 Uhr sind alle m\u00fcde nach Hause gegangen. Und ich, ich durfte in meinem neuen Zelt schlafen, nachdem Papa und ich mit meiner neuen Tschenlampe noch das Buch Leo Lausemaus gelesen haben. Ich war sooo gl\u00fccklich, dass ich das erste Mal von mir ausgesagt habe:&#8220; Ich freu mich!&#8220;<\/p>\n\n\n\n<p>Ich war \u00fcbrigens ein paar Tage vor meinem 3. Geburtstag noch zur U7a. Meine aktuellen Daten sind: Gr\u00f6\u00dfe 95cm, Gewicht 15,8 kg, Kopfumfang 51cm. Ich musste auch einen Seh- und H\u00f6rtest machen. Alles hat super geklappt und nun geh\u00f6re ich endlich zu den Gro\u00dfen in der Kita und darf endlich l\u00e4nger drau\u00dfen bleiben und mit den Gro\u00dfen zusammen essen und schlafen juhu!!!<\/p>\n\n\n\n<p>So und nun muss ich mich von den aufregenden Tagen erholen.<\/p>\n\n\n\n<p>Euch noch eine sch\u00f6ne Adventszeit.<\/p>\n\n\n\n<p>Euer Mattes<\/p>\n","protected":false},"excerpt":{"rendered":"<p>Hall\u00f6chen Ihr Lieben, wir melden uns seit langer Zeit mal wieder bei Euch. Es liegen aufregende Tage hinter uns. Zuerst kamen Wolldeckenoma und Wolldeckenopa zu Besuch. Und dann kam der Nikolaus, er ist tats\u00e4chlich zu uns allen gekommen und hat uns leckere Dinge in die frisch geputzen Stiefel gepackt;-). In der Kita kam er sogar &hellip; <a href=\"http:\/\/dachgeschoss.dnsalias.com\/wordpress\/2013\/12\/10\/endlich-3-jahre-alt\/\" class=\"more-link\"><span class=\"screen-reader-text\">Endlich 3 Jahre alt !<\/span> weiterlesen <span class=\"meta-nav\">&rarr;<\/span><\/a><\/p>\n","protected":false},"author":1,"featured_media":0,"comment_status":"closed","ping_status":"","sticky":false,"template":"","format":"standard","meta":[],"categories":[1],"tags":[],"_links":{"self":[{"href":"http:\/\/dachgeschoss.dnsalias.com\/wordpress\/wp-json\/wp\/v2\/posts\/149"}],"collection":[{"href":"http:\/\/dachgeschoss.dnsalias.com\/wordpress\/wp-json\/wp\/v2\/posts"}],"about":[{"href":"http:\/\/dachgeschoss.dnsalias.com\/wordpress\/wp-json\/wp\/v2\/types\/post"}],"author":[{"embeddable":true,"href":"http:\/\/dachgeschoss.dnsalias.com\/wordpress\/wp-json\/wp\/v2\/users\/1"}],"replies":[{"embeddable":true,"href":"http:\/\/dachgeschoss.dnsalias.com\/wordpress\/wp-json\/wp\/v2\/comments?post=149"}],"version-history":[{"count":1,"href":"http:\/\/dachgeschoss.dnsalias.com\/wordpress\/wp-json\/wp\/v2\/posts\/149\/revisions"}],"predecessor-version":[{"id":150,"href":"http:\/\/dachgeschoss.dnsalias.com\/wordpress\/wp-json\/wp\/v2\/posts\/149\/revisions\/150"}],"wp:attachment":[{"href":"http:\/\/dachgeschoss.dnsalias.com\/wordpress\/wp-json\/wp\/v2\/media?parent=149"}],"wp:term":[{"taxonomy":"category","embeddable":true,"href":"http:\/\/dachgeschoss.dnsalias.com\/wordpress\/wp-json\/wp\/v2\/categories?post=149"},{"taxonomy":"post_tag","embeddable":true,"href":"http:\/\/dachgeschoss.dnsalias.com\/wordpress\/wp-json\/wp\/v2\/tags?post=149"}],"curies":[{"name":"wp","href":"https:\/\/api.w.org\/{rel}","templated":true}]}}