{"id":139,"date":"2013-11-03T18:46:00","date_gmt":"2013-11-03T17:46:00","guid":{"rendered":"http:\/\/192.168.3.11\/wordpress\/?p=139"},"modified":"2024-01-30T18:09:50","modified_gmt":"2024-01-30T17:09:50","slug":"das-wandern-ist-des-muellers-lust","status":"publish","type":"post","link":"http:\/\/dachgeschoss.dnsalias.com\/wordpress\/2013\/11\/03\/das-wandern-ist-des-muellers-lust\/","title":{"rendered":"Das Wandern ist des M\u00fcllers Lust"},"content":{"rendered":"\n<p>Hall\u00f6chen Ihr Lieben,<\/p>\n\n\n\n<p class=\"has-green-color has-text-color\">frisch aus dem Urlaub zur\u00fcck gr\u00fc\u00dfen wir Euch. Wir waren ein paar Tage im Schwarzwald in Hinterzarten. Die gute Bergluft hat mir sehr gut getan. Mama hat mich mit viel Elan bergauf und bergab geschoben und ich habe die Zeit im Wagen meistens mit viel Schlafen verbracht. Zum Tragen im Tragetuch bin ich ihr leider schon viel zu schwer;-). Sonst fange ich an seit ein paar Tagen meine H\u00e4nde vor dem K\u00f6rper zusammen zu f\u00fchren und versuche sie auch schon wie Opa Wendorf vor seinem Bauch zu falten. Und Mama hat heute in den alten Sachen von Matti gekramt und den Krabbelk\u00e4fer gefunden und ihn \u00fcber mein Bettchen gehangen. Trotz sehr stark abgekauter Ohren, finde ich ihn echt sehr spannend und versuche mit ziemlich viel Ausdauer ihn zu fassen. Und ich habe mich vor 4 Tagen auf unserer Couch pl\u00f6tzlich auf die rechte Seite gedreht oder sagen wir besser fallen lassen;-), denn auf dem Bauch liegen ist ja sch\u00f6n und gut, aber so ewig wie Mama mich immer liegen l\u00e4sst, habe ich keine Lust drauf. Mama war davon so begeistert, dass sie mich immer wieder auf den Bauch gelegt hat und ich habe mich immer wieder fallen lassen. Sie hat es einfach nicht verstanden, was ich wollte. Auf jeden Fall habe ich das gleiche auch woanders probiert, aber es hat nicht geklappt, wahrscheinlich liegt es einfach daran, dass unsere Couch vom vielen abends Rumliegen von Mama und Papa schief ist;-). Na ja, auf jeden Fall \u00fcbe ich es weiter. Die Woche habe ich noch einen wichtigen Termin vor mir. Ich muss zur U4 und meine erste Impfung mir abholen. Darauf freue ich mich ja gar nicht. Ich habe mir auch schon einen dicken Schnupfen zugezogen, vielleicht darf ich ja dann nicht geimpft werden;-). Matti hat den Kitakeim mitgebracht und jetzt sind Papa und ich auch krank. Aber dank Mamas Nasenstaubsauger wird das schon,-). Ich werde Euch auf jeden Fall berichten&#8230;.<\/p>\n\n\n\n<p>Hallo, ja meine Nase ist auch nur am Laufen. Sophie hat aber angefangen&#8230;.<\/p>\n\n\n\n<p>Die Tage im Schwarzwald waren wundersch\u00f6n. Papa hat mir einen tollen Wanderstock geschnitzt und wir haben sogar eine Wanderstockplakette vom Schwarzwald draufgenagelt.Mit dem Wanderstock hat es riesig Spa\u00df gemacht zu wandern und wenn ich m\u00fcde wurde, hat mich Papa im Croozer die Berge hoch und runter geschoben. Was auch sehr sch\u00f6n war, war der Ausflug mit der Bahn nach Freiburg. Sooooo viele Gesch\u00e4fte und darunter tolle Spielzeuggesch\u00e4fte. Das war super darin zu st\u00f6bern. Am liebesten h\u00e4tte ich ganz viele Sachen gekauft, habe mich aber letzendlich f\u00fcr ein 49 Teile Puzzle entschieden. Das Puzzeln ist eines meiner gr\u00f6\u00dften Hobbies und ich kann mich stundenlang damit besch\u00e4ftigen. Sehr beeindruckend fand ich die Skischanzen in Hinterzarten. Da gab es kleine f\u00fcr Kinder und gro\u00dfe f\u00fcr Mama und Papa. Ich habe mir gedahct, dass ich diesen Winter einen Skikurs machen und dann von der Kinderschanze springen m\u00f6chte. Ob das Oma Vroni auch gut finden wird:-)?<\/p>\n\n\n\n<p>Ach was ich von Mama noch sagen soll. Danke an unsere liebe Kathrin und unseren Teledoc Kirstin. Ihr habt Mama sehr mit meinem Erbrechen geholfen. Und wenn es nur ein offenes Ohr f\u00fcr die schrecklichen Differentialdiagnosen von Mama war ;-). Danke!!!!!! Mir geht es wieder gut und bis auf erh\u00f6hte Entz\u00fcndungswerte ist nichts bei den Untersuchungen rausgekommen. Wahrscheinlich einfach nur ein heftiger Virus.<\/p>\n\n\n\n<p>So und nun noch einen sch\u00f6nen Sonntagabend<\/p>\n\n\n\n<p>Bis bald Euer Ole und Euer Mattes<\/p>\n","protected":false},"excerpt":{"rendered":"<p>Hall\u00f6chen Ihr Lieben, frisch aus dem Urlaub zur\u00fcck gr\u00fc\u00dfen wir Euch. Wir waren ein paar Tage im Schwarzwald in Hinterzarten. Die gute Bergluft hat mir sehr gut getan. Mama hat mich mit viel Elan bergauf und bergab geschoben und ich habe die Zeit im Wagen meistens mit viel Schlafen verbracht. Zum Tragen im Tragetuch bin &hellip; <a href=\"http:\/\/dachgeschoss.dnsalias.com\/wordpress\/2013\/11\/03\/das-wandern-ist-des-muellers-lust\/\" class=\"more-link\"><span class=\"screen-reader-text\">Das Wandern ist des M\u00fcllers Lust<\/span> weiterlesen <span class=\"meta-nav\">&rarr;<\/span><\/a><\/p>\n","protected":false},"author":1,"featured_media":0,"comment_status":"closed","ping_status":"","sticky":false,"template":"","format":"standard","meta":[],"categories":[1],"tags":[],"_links":{"self":[{"href":"http:\/\/dachgeschoss.dnsalias.com\/wordpress\/wp-json\/wp\/v2\/posts\/139"}],"collection":[{"href":"http:\/\/dachgeschoss.dnsalias.com\/wordpress\/wp-json\/wp\/v2\/posts"}],"about":[{"href":"http:\/\/dachgeschoss.dnsalias.com\/wordpress\/wp-json\/wp\/v2\/types\/post"}],"author":[{"embeddable":true,"href":"http:\/\/dachgeschoss.dnsalias.com\/wordpress\/wp-json\/wp\/v2\/users\/1"}],"replies":[{"embeddable":true,"href":"http:\/\/dachgeschoss.dnsalias.com\/wordpress\/wp-json\/wp\/v2\/comments?post=139"}],"version-history":[{"count":1,"href":"http:\/\/dachgeschoss.dnsalias.com\/wordpress\/wp-json\/wp\/v2\/posts\/139\/revisions"}],"predecessor-version":[{"id":140,"href":"http:\/\/dachgeschoss.dnsalias.com\/wordpress\/wp-json\/wp\/v2\/posts\/139\/revisions\/140"}],"wp:attachment":[{"href":"http:\/\/dachgeschoss.dnsalias.com\/wordpress\/wp-json\/wp\/v2\/media?parent=139"}],"wp:term":[{"taxonomy":"category","embeddable":true,"href":"http:\/\/dachgeschoss.dnsalias.com\/wordpress\/wp-json\/wp\/v2\/categories?post=139"},{"taxonomy":"post_tag","embeddable":true,"href":"http:\/\/dachgeschoss.dnsalias.com\/wordpress\/wp-json\/wp\/v2\/tags?post=139"}],"curies":[{"name":"wp","href":"https:\/\/api.w.org\/{rel}","templated":true}]}}