{"id":137,"date":"2013-10-27T18:41:00","date_gmt":"2013-10-27T17:41:00","guid":{"rendered":"http:\/\/192.168.3.11\/wordpress\/?p=137"},"modified":"2024-01-30T18:08:17","modified_gmt":"2024-01-30T17:08:17","slug":"endlich-aufatmen","status":"publish","type":"post","link":"http:\/\/dachgeschoss.dnsalias.com\/wordpress\/2013\/10\/27\/endlich-aufatmen\/","title":{"rendered":"Endlich aufatmen !"},"content":{"rendered":"\n<p>Hall\u00f6chen Ihr Lieben,<\/p>\n\n\n\n<p class=\"has-green-color has-text-color\">ich bin heute auf den Tag genau 11 Wochen und habe wohl zur Zeit einen Wachstumsschub, auf jeden Fall esse ich was das Zeug h\u00e4lt. Zum Leid von Mama auch nachts, so dass unsere N\u00e4chte seit ein paar Tagen etwas bescheiden sind. Daf\u00fcr bin ich am Tag ganz ruhig, nur schlafen tue ich zur Zeit auch nicht so richtig gut am Tag. Ich liebe es daf\u00fcr zur Musik auf der Couch im Wohnzimmer zu liegen und meine H\u00e4nde immer abwechselnd in den Mund zu stecken. Ich werde&nbsp; immer wacher und beobachte meine Umgebung ganz genau. Und abends auf dem Wickeltisch komme ich immer so richtig ins Quatschen mit Mama oder Papa, je nachdem, wer mich gerade ins Bett bringt.<\/p>\n\n\n\n<p class=\"has-green-color has-text-color\">Sonst k\u00f6nnen unsere Eltern endlich aufatmen, denn seit 4 Tagen muss mein Br\u00fcderchen Mattes sich nicht mehr \u00fcbergeben. Es geht ihm nach 3 heftigen Wochen wieder gut;-). Auch darf Mama endlich wieder Auto fahren juhu!!!!!Die letzte Fahrt mit den Skates nach Homburg war schon ganz sch\u00f6n feucht, denn der Fahrradweg, den wir immer fahren, war teilweise \u00fcberschwemmt;-(.<\/p>\n\n\n\n<p>Ja ich bin wieder fit und gehe auch wieder in den Kindergarten. Habe ich Euch schon erz\u00e4hlt, dass ich seit 4 Wochen stolzer Bibliotheksg\u00e4nger bin? Jeden Dienstag hat bei uns um die Ecke die B\u00fccherei auf und ich darf mir immer 3 B\u00fccher ausleihen, die wir dann abends zusammen lesen. Und haltet Euch fest, ich bin heute zum ersten Mal ohne St\u00fctzr\u00e4der Fahrrad gefahren. Papa hat mich nur ganz leicht an der Jacke gehalten. Nur Bremsen und alleine aufsteigen ist schwierig, aber \u00dcbung macht den Meister. Ach so und sprachlich benutze ich manchmal sogar schon den Konjunktiv.<\/p>\n\n\n\n<p>So und nun w\u00fcnschen wir Euch eine sch\u00f6ne Woche<\/p>\n\n\n\n<p>Bis bald<\/p>\n\n\n\n<p>Euer Ole und Euer Mattes<\/p>\n","protected":false},"excerpt":{"rendered":"<p>Hall\u00f6chen Ihr Lieben, ich bin heute auf den Tag genau 11 Wochen und habe wohl zur Zeit einen Wachstumsschub, auf jeden Fall esse ich was das Zeug h\u00e4lt. Zum Leid von Mama auch nachts, so dass unsere N\u00e4chte seit ein paar Tagen etwas bescheiden sind. Daf\u00fcr bin ich am Tag ganz ruhig, nur schlafen tue &hellip; <a href=\"http:\/\/dachgeschoss.dnsalias.com\/wordpress\/2013\/10\/27\/endlich-aufatmen\/\" class=\"more-link\"><span class=\"screen-reader-text\">Endlich aufatmen !<\/span> weiterlesen <span class=\"meta-nav\">&rarr;<\/span><\/a><\/p>\n","protected":false},"author":1,"featured_media":0,"comment_status":"closed","ping_status":"","sticky":false,"template":"","format":"standard","meta":[],"categories":[1],"tags":[],"_links":{"self":[{"href":"http:\/\/dachgeschoss.dnsalias.com\/wordpress\/wp-json\/wp\/v2\/posts\/137"}],"collection":[{"href":"http:\/\/dachgeschoss.dnsalias.com\/wordpress\/wp-json\/wp\/v2\/posts"}],"about":[{"href":"http:\/\/dachgeschoss.dnsalias.com\/wordpress\/wp-json\/wp\/v2\/types\/post"}],"author":[{"embeddable":true,"href":"http:\/\/dachgeschoss.dnsalias.com\/wordpress\/wp-json\/wp\/v2\/users\/1"}],"replies":[{"embeddable":true,"href":"http:\/\/dachgeschoss.dnsalias.com\/wordpress\/wp-json\/wp\/v2\/comments?post=137"}],"version-history":[{"count":1,"href":"http:\/\/dachgeschoss.dnsalias.com\/wordpress\/wp-json\/wp\/v2\/posts\/137\/revisions"}],"predecessor-version":[{"id":138,"href":"http:\/\/dachgeschoss.dnsalias.com\/wordpress\/wp-json\/wp\/v2\/posts\/137\/revisions\/138"}],"wp:attachment":[{"href":"http:\/\/dachgeschoss.dnsalias.com\/wordpress\/wp-json\/wp\/v2\/media?parent=137"}],"wp:term":[{"taxonomy":"category","embeddable":true,"href":"http:\/\/dachgeschoss.dnsalias.com\/wordpress\/wp-json\/wp\/v2\/categories?post=137"},{"taxonomy":"post_tag","embeddable":true,"href":"http:\/\/dachgeschoss.dnsalias.com\/wordpress\/wp-json\/wp\/v2\/tags?post=137"}],"curies":[{"name":"wp","href":"https:\/\/api.w.org\/{rel}","templated":true}]}}