{"id":135,"date":"2013-10-20T12:44:00","date_gmt":"2013-10-20T10:44:00","guid":{"rendered":"http:\/\/192.168.3.11\/wordpress\/?p=135"},"modified":"2024-01-30T18:07:12","modified_gmt":"2024-01-30T17:07:12","slug":"ole-hat-genullt-und-wolldeckengrosseltern-zu-besuch","status":"publish","type":"post","link":"http:\/\/dachgeschoss.dnsalias.com\/wordpress\/2013\/10\/20\/ole-hat-genullt-und-wolldeckengrosseltern-zu-besuch\/","title":{"rendered":"Ole hat genullt und Wolldeckengro\u00dfeltern zu Besuch"},"content":{"rendered":"\n<p>Hall\u00f6chen Ihr Lieben,<\/p>\n\n\n\n<p>da melden wir uns mal wieder bei Euch. Leider bin ich immer noch nicht richtig fit, denn ich muss mich meist so einmal am Tag \u00fcbergeben. Mama und Papa waren mit mir sogar schon beim Kinderarzt und bei Kathrin in der Klinik. Kathrin hat Ultraschall von meinem Bauch gemacht und haltet Euch fest das Br\u00f6tchen, dass ich vorher gegessen habe, entdeckt ;-). Aber keiner wei\u00df so richtig, warum mein Bauch immer mal wieder das Essen rausspuckt. Na ja, ich hoffe, dass das bald ein Ende hat und ich wieder Gummib\u00e4rchen und \u00e4hnliches essen darf.<\/p>\n\n\n\n<p>Und Wolldeckenoma und Wolldeckenopa waren zu Besuch. Das war toll!!! Wir waren mit ihnen in den Weinbergen wandern. Ganze 10km hat Opa Ole im Kinderwagen durch den Wald geschoben. Und Oma wurde ganz sch\u00f6n auf die Probe gestellt, als wir am Abend den Zug bekommen wollten und Papa meinte:&#8220; So 700m bergauf m\u00fcssen wir jetzt rennen, dann erwischen wir ihn noch.&#8220; Dazu muss man sagen, dass wir nur noch 10 Minuten Zeit hatten und alle wie panisch bergauf gerannt sind. Arme Gro\u00dfeltern! Am Ende des Berges bemerkte Papa, dass es doch noch 1,5km sind und wir sind dann bei strahlendem Sonnenschein gem\u00fctlich zum Zug gelaufen (hatten ja dann wieder ne Stunde Zeit;-)). Und Mama und Papa konnten endlich mal wieder abends weggeghen, denn ich habe mir mit Oma und Opa einen gem\u00fctlcihen Abend gemacht und wir haben sogar zu dritt auf 1,40m geschlafen. Oma war zwar am n\u00e4chsten Tag etwas ger\u00e4dert, aber sch\u00f6n war es trotzdem. Nur meine st\u00e4ndigen Ermahnungen an Oma und Opa, dass Mama und Papa manche Sachen wie z.B. Brot schmieren, Z\u00e4hne putzen&#8230;. einfach anders machen, war vielleicht etwas anstrengend. Wir hatten auf jeden Fall viel Spa\u00df zusammen und ohne sie w\u00e4re Mama mit mir auch gar nicht zum Kinderarzt gekommen. Vielen Dank f\u00fcr die sch\u00f6ne Zeit!!!! Ach so und einen sch\u00f6nen Kopff\u00fc\u00dfler habe ich mit Opas Hilfe gemalt.<\/p>\n\n\n\n<p class=\"has-green-color has-text-color\">Ich Ole war auch begeistert von unserem Besuch und habe mich sch\u00f6n mit Oma unterhalten. \u00dcbrigens wiege ich jetzt mit 10 Wochen 5850g und Gr\u00f6\u00dfe 62 wird langsam aber sicher zu eng.Sonst hat sich bei mir bisher nicht viel ge\u00e4ndert. Nur dass ich meinen linken Arm nicht so richtig bewegen mag. Warum auch immer, aber Mama und Papa machen t\u00e4glich mit mir \u00dcbungen, so dass ich gezwungen bin, ihn zu bewegen.Und sonst gucke ich zur Zeit gespannt Papa und Matti zu, die tolle Flieger aus Papie miteingebauten H\u00f6henrudern bauen;-). Manchmal fliegen sie ganz sch\u00f6n dicht an mir vorbei;-).<\/p>\n\n\n\n<p>Na gut so viel zu uns. Morgen werden wir noch mal zum Kinderarzt. Hoffentlich zu einer Frau, denn ich mag keine M\u00e4nner.<\/p>\n\n\n\n<p>Genie\u00dft das sch\u00f6ne Herbstwetter noch.<\/p>\n\n\n\n<p>Bis bald<\/p>\n\n\n\n<p>Euer Ole und Euer Mattes<\/p>\n","protected":false},"excerpt":{"rendered":"<p>Hall\u00f6chen Ihr Lieben, da melden wir uns mal wieder bei Euch. Leider bin ich immer noch nicht richtig fit, denn ich muss mich meist so einmal am Tag \u00fcbergeben. Mama und Papa waren mit mir sogar schon beim Kinderarzt und bei Kathrin in der Klinik. Kathrin hat Ultraschall von meinem Bauch gemacht und haltet Euch &hellip; <a href=\"http:\/\/dachgeschoss.dnsalias.com\/wordpress\/2013\/10\/20\/ole-hat-genullt-und-wolldeckengrosseltern-zu-besuch\/\" class=\"more-link\"><span class=\"screen-reader-text\">Ole hat genullt und Wolldeckengro\u00dfeltern zu Besuch<\/span> weiterlesen <span class=\"meta-nav\">&rarr;<\/span><\/a><\/p>\n","protected":false},"author":1,"featured_media":0,"comment_status":"closed","ping_status":"","sticky":false,"template":"","format":"standard","meta":[],"categories":[1],"tags":[],"_links":{"self":[{"href":"http:\/\/dachgeschoss.dnsalias.com\/wordpress\/wp-json\/wp\/v2\/posts\/135"}],"collection":[{"href":"http:\/\/dachgeschoss.dnsalias.com\/wordpress\/wp-json\/wp\/v2\/posts"}],"about":[{"href":"http:\/\/dachgeschoss.dnsalias.com\/wordpress\/wp-json\/wp\/v2\/types\/post"}],"author":[{"embeddable":true,"href":"http:\/\/dachgeschoss.dnsalias.com\/wordpress\/wp-json\/wp\/v2\/users\/1"}],"replies":[{"embeddable":true,"href":"http:\/\/dachgeschoss.dnsalias.com\/wordpress\/wp-json\/wp\/v2\/comments?post=135"}],"version-history":[{"count":1,"href":"http:\/\/dachgeschoss.dnsalias.com\/wordpress\/wp-json\/wp\/v2\/posts\/135\/revisions"}],"predecessor-version":[{"id":136,"href":"http:\/\/dachgeschoss.dnsalias.com\/wordpress\/wp-json\/wp\/v2\/posts\/135\/revisions\/136"}],"wp:attachment":[{"href":"http:\/\/dachgeschoss.dnsalias.com\/wordpress\/wp-json\/wp\/v2\/media?parent=135"}],"wp:term":[{"taxonomy":"category","embeddable":true,"href":"http:\/\/dachgeschoss.dnsalias.com\/wordpress\/wp-json\/wp\/v2\/categories?post=135"},{"taxonomy":"post_tag","embeddable":true,"href":"http:\/\/dachgeschoss.dnsalias.com\/wordpress\/wp-json\/wp\/v2\/tags?post=135"}],"curies":[{"name":"wp","href":"https:\/\/api.w.org\/{rel}","templated":true}]}}