{"id":133,"date":"2013-10-12T20:57:00","date_gmt":"2013-10-12T18:57:00","guid":{"rendered":"http:\/\/192.168.3.11\/wordpress\/?p=133"},"modified":"2024-01-30T18:06:00","modified_gmt":"2024-01-30T17:06:00","slug":"2-monate-und-2-tage-2","status":"publish","type":"post","link":"http:\/\/dachgeschoss.dnsalias.com\/wordpress\/2013\/10\/12\/2-monate-und-2-tage-2\/","title":{"rendered":"2 Monate und 2 Tage"},"content":{"rendered":"\n<p>Hall\u00f6chen Ihr Lieben,<\/p>\n\n\n\n<p class=\"has-green-color has-text-color\">wir melden uns mal wieder bei Euch. Ich bin nun schon 9 Wochen und habe den ersten Geburtstag von unserer Mama mitgefeiert. Ich habe ihr sogar etwas geschenkt. Ich habe mir gedacht, dass sie sich wohl nichts sehnlicher w\u00fcnscht als Schlaf und so habe ich doch einfach mal die 1 Uhr Mahlzeit ausgelassen und daf\u00fcr von 19 Uhr bis 3 Uhr geschlafen;-). Das fand sie auch richtig toll, aber vielleicht war auch die Milch besonders reichhaltig, da Mama an ihrem Geburtstag viel von dem leckeren Schokogeburtstagskuchen, den Matti und Papa extra f\u00fcr sie gebacken haben, gegessen hat. Wie auch immer aber jetzt denkt Mama, dass das immer so l\u00e4uft..Da gibt man ihr den kleinen Finger und sie will die ganze Hand;-). Tja sonst gibt es von mir nicht so viel Neues. Ich \u00fcbe mich t\u00e4glich im Gurren und Erz\u00e4hlen und grinse viel, wenn sich jemand mit mir besch\u00e4ftigt. Mein Rgythmus ist mittlerweile so, dass ich morgens ne Stunde schlafe, dann mittags so ab 10.30 Uhr meist 3 Stunden und dann noch mal am Nachmittag so ne Stunde. Abends bin ich dann meist so platt, dass ich schwer in den Schlaf komme und manchmal viel weine;-(. Sonst geht es mir aber wunderbar und ich genie\u00dfe die Zeit mit Mama Zuhause. Und seit zwei Wochen ist auch mein Br\u00fcderchen Zuhause, da er sich immer wieder \u00fcbergeben muss;-(. Nur eine gute Sache hatte es bisher, meine Mama hat es deshalb nicht zu meiner ersten Impfung der Rotavirusimpfung geschafft. Danke Matti!!!!!;-)<\/p>\n\n\n\n<p>Wie Ole schon erz\u00e4hlt hat, habe ich bei bestem Allgemeinbefinden immer wieder mit Erbrechen zutun. Meine Eltern sind echt verzweifelt und wollen mit mir am Montag zum Arzt;-). Tja sonst geht es mir wie gesagt bestens. Meine Oma Vroni macht sich auch wie ja alle unheimlich Sorgen. Ich telefoniere ja echt gern mit ihr, aber wenn sie mir dann ankommt mit den Belehrungen, was ich alles nicht essen darf und dass ich viel trinken und schlafen muss, dann gebe ich immer mit den Worten &#8220; Jetzt kannst du wieder haben.&#8220; den H\u00f6rer an meine Eltern ab;-). Ich bin eben ein echter Sturkopf ausgestattet mit den Genen von Wendorf und Freistedt. Eine explosive Mischung;-). Sonst genie\u00dfe ich auch die Zeit mit Ole und Mama Zuhause, auch wenn Mama manchmal am Verr\u00fccktwerden ist. Der eine spuckt, der andere will trinken und der Rest geht im Chaos unter ;-(. Daf\u00fcr habe ich Mama eine tolle Geburtstagskrone ganz alleine gebastelt und mit Papa einen leckeren Kuchen gebacken.Und ich ziehe mich ohne jegliche Hilfe allein an und suche mir sogar die Sachen aus dem Schrank. Genau wie Papa m\u00f6chte ich am liebsten immer kurze Hosen tragen;-). Wenn das jetzt wieder Oma Vroni w\u00fcsste&#8230;.;-).<\/p>\n\n\n\n<p>Aktuell sind Wolldeckenoma und Wolldeckenopa zu Besuch. Dar\u00fcber erz\u00e4hlen wir das n\u00e4chste Mal mehr. So und nun muss ich mich schonen.<\/p>\n\n\n\n<p>Wir w\u00fcnschen Euch ein sch\u00f6nes Restwochenende<\/p>\n\n\n\n<p>Euer Ole und Euer Mattes<\/p>\n","protected":false},"excerpt":{"rendered":"<p>Hall\u00f6chen Ihr Lieben, wir melden uns mal wieder bei Euch. Ich bin nun schon 9 Wochen und habe den ersten Geburtstag von unserer Mama mitgefeiert. Ich habe ihr sogar etwas geschenkt. Ich habe mir gedacht, dass sie sich wohl nichts sehnlicher w\u00fcnscht als Schlaf und so habe ich doch einfach mal die 1 Uhr Mahlzeit &hellip; <a href=\"http:\/\/dachgeschoss.dnsalias.com\/wordpress\/2013\/10\/12\/2-monate-und-2-tage-2\/\" class=\"more-link\"><span class=\"screen-reader-text\">2 Monate und 2 Tage<\/span> weiterlesen <span class=\"meta-nav\">&rarr;<\/span><\/a><\/p>\n","protected":false},"author":1,"featured_media":0,"comment_status":"closed","ping_status":"","sticky":false,"template":"","format":"standard","meta":[],"categories":[1],"tags":[],"_links":{"self":[{"href":"http:\/\/dachgeschoss.dnsalias.com\/wordpress\/wp-json\/wp\/v2\/posts\/133"}],"collection":[{"href":"http:\/\/dachgeschoss.dnsalias.com\/wordpress\/wp-json\/wp\/v2\/posts"}],"about":[{"href":"http:\/\/dachgeschoss.dnsalias.com\/wordpress\/wp-json\/wp\/v2\/types\/post"}],"author":[{"embeddable":true,"href":"http:\/\/dachgeschoss.dnsalias.com\/wordpress\/wp-json\/wp\/v2\/users\/1"}],"replies":[{"embeddable":true,"href":"http:\/\/dachgeschoss.dnsalias.com\/wordpress\/wp-json\/wp\/v2\/comments?post=133"}],"version-history":[{"count":1,"href":"http:\/\/dachgeschoss.dnsalias.com\/wordpress\/wp-json\/wp\/v2\/posts\/133\/revisions"}],"predecessor-version":[{"id":134,"href":"http:\/\/dachgeschoss.dnsalias.com\/wordpress\/wp-json\/wp\/v2\/posts\/133\/revisions\/134"}],"wp:attachment":[{"href":"http:\/\/dachgeschoss.dnsalias.com\/wordpress\/wp-json\/wp\/v2\/media?parent=133"}],"wp:term":[{"taxonomy":"category","embeddable":true,"href":"http:\/\/dachgeschoss.dnsalias.com\/wordpress\/wp-json\/wp\/v2\/categories?post=133"},{"taxonomy":"post_tag","embeddable":true,"href":"http:\/\/dachgeschoss.dnsalias.com\/wordpress\/wp-json\/wp\/v2\/tags?post=133"}],"curies":[{"name":"wp","href":"https:\/\/api.w.org\/{rel}","templated":true}]}}