{"id":129,"date":"2013-09-29T19:52:00","date_gmt":"2013-09-29T17:52:00","guid":{"rendered":"http:\/\/192.168.3.11\/wordpress\/?p=129"},"modified":"2024-01-30T18:03:38","modified_gmt":"2024-01-30T17:03:38","slug":"7-wochen-ist-es-nun-schon-her","status":"publish","type":"post","link":"http:\/\/dachgeschoss.dnsalias.com\/wordpress\/2013\/09\/29\/7-wochen-ist-es-nun-schon-her\/","title":{"rendered":"7 Wochen ist es nun schon her"},"content":{"rendered":"\n<p>Hall\u00f6chen Ihr Lieben,<\/p>\n\n\n\n<p class=\"has-green-color has-text-color\"><br>auf den Tag bin ich nun 7 Wochen alt und habe mich bisher schon pr\u00e4chtig entwickelt. Ich wiege nun 5330g und so muss Mama ihre R\u00fcckenmuskulatur unbedingt st\u00e4rken, damit sie nicht noch mehr R\u00fcckenschmerzen bekommt. Aber zum Gl\u00fcck kennen wir ja einen bekannten Physiotherapeuten;-). Zur Zeit halte ich meine Eltern besonders meine Mama nachts auf Trapp. So gegen 3 Uhr erkundige ich mich so alle 1,5h, ob es Mama und Papa noch gut geht und m\u00f6chte nat\u00fcrlich was trinken;-). Dagegen schlafe ich in der ersten Nachth\u00e4lfte meine 5-6h am St\u00fcck. Leider beginnt diese Phase manchmal schon um 17.30 Uhr, so dass das nicht sonderlich zur Erholung meiner Mama beitr\u00e4gt;-(.Und seit ca. einer Woche fange ich abends oft an zu weinen, weil ich mich einfach unwohl f\u00fchle. So richtig weiss ich eigentlich nicht, was mich st\u00f6rt, aber Mama h\u00e4lt mich dann immer ganz fest im Arm und so beruhige ich mich meist innerhalb einer Stunde. Das ist dann immer etwas schwierig, wenn Mama uns beide allein ins Bett bringen muss, da diese Phase meist in der Zeit liegt,in der mein Br\u00fcderchen auch ins Bett geht;-). Sonst teilen sich Mama und Papa gerade auf. Papa liest Matti B\u00fccher vor und kuschelt mit ihm und ich lausche Mama beim Gutenachtlied singen;-). Am Tag fange ich nun immer mehr an meine Umwelt wahrzunehmen, ich fange an zu gurren und zu lachen, wenn sich jemand mit mir unterh\u00e4lt.<\/p>\n\n\n\n<p>So und nun noch schnell etwas zu mir. Ich bin schon 96 cm gro\u00df. Papa hat mich heute an meiner Messlatte im Zimmer gemessen. Ich geh\u00f6re nun schon fast zu den Gro\u00dfen in der Kita und ab meinem 3. Geburtstag darf ich bei den Gro\u00dfen essen und schlafen;-). Fr\u00fch morgens ziehe ich mich nun auch meist komplett alleine an, was meinen Eltern erheblich beim morgentlichen Fertigmachen hilft;-). Was toll ist, dass mich mein Br\u00fcderchen Ole \u00f6fter mit Mama aus der Kita abholt.<\/p>\n\n\n\n<p class=\"has-green-color has-text-color\">Ja das ist immer sehr spannend, wie Mama mir zu frischer Luft verhilft. Meine Autositz wurde auf den Croozer gespannt und so rasen Mama und ich nach Homburg. Leider brauchen wir dazu trotz hoher Geschwindigkeiten fast ne Stunde und Mama ist v\u00f6llig durchgeschwitzt. Ich dagegen genie\u00dfe den Fahrtwind und schlummere ein bis wir dann in der Kita angekommen sind und ich die Attraktion der Kita bin. Es kommen dann immer viele Kinder auf mich zugest\u00fcrmt und versuchen mir entweder den Schnuller in den Mund zu stecken oder mich einfach so anzufassen. Aber Matti oder Mama retten mich dann immer vor ihnen.<\/p>\n\n\n\n<p><br>Im Gro\u00dfen und Ganzen f\u00fchlen wir uns sehr wohl zu viert und genie\u00dfen den goldenen Herbst;-).<\/p>\n\n\n\n<p>Also bis bald<\/p>\n\n\n\n<p>Euer Ole und Euer Mattes<\/p>\n","protected":false},"excerpt":{"rendered":"<p>Hall\u00f6chen Ihr Lieben, auf den Tag bin ich nun 7 Wochen alt und habe mich bisher schon pr\u00e4chtig entwickelt. Ich wiege nun 5330g und so muss Mama ihre R\u00fcckenmuskulatur unbedingt st\u00e4rken, damit sie nicht noch mehr R\u00fcckenschmerzen bekommt. Aber zum Gl\u00fcck kennen wir ja einen bekannten Physiotherapeuten;-). Zur Zeit halte ich meine Eltern besonders meine &hellip; <a href=\"http:\/\/dachgeschoss.dnsalias.com\/wordpress\/2013\/09\/29\/7-wochen-ist-es-nun-schon-her\/\" class=\"more-link\"><span class=\"screen-reader-text\">7 Wochen ist es nun schon her<\/span> weiterlesen <span class=\"meta-nav\">&rarr;<\/span><\/a><\/p>\n","protected":false},"author":1,"featured_media":0,"comment_status":"closed","ping_status":"","sticky":false,"template":"","format":"standard","meta":[],"categories":[1],"tags":[],"_links":{"self":[{"href":"http:\/\/dachgeschoss.dnsalias.com\/wordpress\/wp-json\/wp\/v2\/posts\/129"}],"collection":[{"href":"http:\/\/dachgeschoss.dnsalias.com\/wordpress\/wp-json\/wp\/v2\/posts"}],"about":[{"href":"http:\/\/dachgeschoss.dnsalias.com\/wordpress\/wp-json\/wp\/v2\/types\/post"}],"author":[{"embeddable":true,"href":"http:\/\/dachgeschoss.dnsalias.com\/wordpress\/wp-json\/wp\/v2\/users\/1"}],"replies":[{"embeddable":true,"href":"http:\/\/dachgeschoss.dnsalias.com\/wordpress\/wp-json\/wp\/v2\/comments?post=129"}],"version-history":[{"count":1,"href":"http:\/\/dachgeschoss.dnsalias.com\/wordpress\/wp-json\/wp\/v2\/posts\/129\/revisions"}],"predecessor-version":[{"id":130,"href":"http:\/\/dachgeschoss.dnsalias.com\/wordpress\/wp-json\/wp\/v2\/posts\/129\/revisions\/130"}],"wp:attachment":[{"href":"http:\/\/dachgeschoss.dnsalias.com\/wordpress\/wp-json\/wp\/v2\/media?parent=129"}],"wp:term":[{"taxonomy":"category","embeddable":true,"href":"http:\/\/dachgeschoss.dnsalias.com\/wordpress\/wp-json\/wp\/v2\/categories?post=129"},{"taxonomy":"post_tag","embeddable":true,"href":"http:\/\/dachgeschoss.dnsalias.com\/wordpress\/wp-json\/wp\/v2\/tags?post=129"}],"curies":[{"name":"wp","href":"https:\/\/api.w.org\/{rel}","templated":true}]}}