{"id":127,"date":"2013-09-22T19:44:00","date_gmt":"2013-09-22T17:44:00","guid":{"rendered":"http:\/\/192.168.3.11\/wordpress\/?p=127"},"modified":"2024-01-30T18:02:33","modified_gmt":"2024-01-30T17:02:33","slug":"6-wochen-und-zurueck-im-saarland","status":"publish","type":"post","link":"http:\/\/dachgeschoss.dnsalias.com\/wordpress\/2013\/09\/22\/6-wochen-und-zurueck-im-saarland\/","title":{"rendered":"6 Wochen und zur\u00fcck im Saarland"},"content":{"rendered":"\n<p>Hall\u00f6chen Ihr Lieben,<\/p>\n\n\n\n<p>nach einer langen Pause melden wir uns mal wieder bei Euch. Wir sind seit einer Woche von unserer gro\u00dfen Reise zur\u00fcck. Zuerst waren wir in Berlin bei Oma Vroni,Opa Rudi und Wolldeckenoma und Wolldeckenopa. Da Ole,Mama und ich zu der Zeit krank waren,konnten wir leider nicht so viel unternehmen wie wir eigentlich vorhatten. Aber wir haben einen Zirkus besucht. Leider war die Musik sooo laut, dass ich eigentlich gleich wieder aus dem Zelt raus&nbsp; wollte. Da die Eintrittskarten aber sehr sehr teuer waren, sind wir geblieben und Papa hat mir die ganze Zeit die Ohren zuhalten m\u00fcssen;-). Es war auf jeden Fall wieder eine sehr sch\u00f6ne Zeit in Berlin und ich habe im Auto geweint als wir fahren mussten und wollte am liebsten wieder zu Oma und Opa zur\u00fcck;-(. Aber es dauert ja nicht mehr lange und dann besuchen sie mich wieder!!!!!!!!!!!!!!!<\/p>\n\n\n\n<p>Nach dem Berlinbesuch sind wir weiter nach Usedom zu Oma Ilona,Opa Lutz, Oma Engel und Opa Bruno gefahren. Oma Engel hatte in der Zeit ihren 84.Geburtstag und wir sind bei strahlendem Sonnenschein in Zinnowitz Mittagessen gegangen, waren Drachen steigen und haben uns abends mit Oma Ilona und Opa Lutz in Karlshagen zum Abendbrot getroffen.Ein wundersch\u00f6ner Tag. Sonst haben wir einfach das sch\u00f6ne Wetter am Strand genossen und haben eine sch\u00f6ne Zeit mit allen Omas und Opas verbracht. Ich liebe es am Strand zu springen, zu toben, mit Oma und Opa Autos aus Sand zu bauen, M\u00f6ven zu f\u00fcttern&#8230;..Aber auch diese Zeit ging viel zu schnell vorbei und wir sind nun wieder im Saarland und der Alltag hat sich schon fast wieder eingestellt;-(. Zur R\u00fcckfahrt ist zu sagen, dass wir glatte 13h gebraucht haben und sowohl Ole als auch ich uns sehr gut geschlagen haben. Mama und Papa sind wahnsinnig stolz darauf, dass wir beide die Fahrt ohne Murren oder Weinen gemeistert haben.<\/p>\n\n\n\n<p>Zu meiner Entwicklung ist zu sagen, dass ich quassele wie ein Wasserfall und sprachlich gro\u00dfe Spr\u00fcnge mache. Auch telefonieren mag ich sehr. Meine Eltern freuen sich dar\u00fcber, aber manchmal quatsche ich ihnen etwas zuviel. Das habe ich wohl von Oma Vroni ;-). B\u00fccher lesen mag ich ebenfalls sehr gern.Ich genie\u00dfe es einfach auf der Couch zu sitzen und mit Mama oder Papa B\u00fccher zu lesen. Und dann habt ihr bestimmt schon die Bilder von meinem Bibifahrrad gesehen. Vor ein paar Wochen hat mich Papa von der Kita abgeholt und spontan ein Fahhrad im Baumarkt gekauft. Noch habe ich St\u00fctzr\u00e4der dran, aber Papa m\u00f6chte sie schon ganz bald abbauen,da ich schon echt gut damit fahren kann. Ein weiteres Hobby von mir ist das Schnullerreinstecken bei Ole ;-).<\/p>\n\n\n\n<p class=\"has-green-color has-text-color\">Und ich Ole bin heute auf den Tag 6 Wochen alt und habe die U3 letzen Donnerstag hinter mich gebracht. Meine Eckdaten : 5170g, 59 cm gro\u00df und 39cm Kopfumfang und Gr\u00f6\u00dfe 62 passt gerade perfekt. Alles im oberen Normbereich;-). Die Reise hat mich pers\u00f6nlich etwas aus dem Rhythmus gebracht. Arme Mama, denn die letzten N\u00e4chte waren eher bescheiden, aber so langsam pendele ich mich wieder ein. Aber eine Sache bleibt wohl, n\u00e4mlich die, dass ich am besten schlafe,wenn mich Mama spazieren f\u00e4hrt;-). Sonst bin ich schon deutlich wacher und l\u00e4chle schon richtig, wenn Mama und Papa mit mir Faxen machen. Und meinen Kopf kann ich schon richtig gut halten. Ansonsten bin ich eher ruhig und h\u00f6re meinem Br\u00fcderchern am liebsten beim Quatschen zu;-). Nur abends plagt mich manchmal mein Bauch. Mama h\u00e4lt mich dann immer ganz fest im Arm und wiegt mich hin und her und dann dauert es meist nicht lang bis ich schlafe.<\/p>\n\n\n\n<p>So und nun w\u00fcnschen wir Euch einen wundersch\u00f6nen goldenen Herbst.<\/p>\n\n\n\n<p>Bis bald<\/p>\n\n\n\n<p>Euer Ole und Euer Mattes<\/p>\n","protected":false},"excerpt":{"rendered":"<p>Hall\u00f6chen Ihr Lieben, nach einer langen Pause melden wir uns mal wieder bei Euch. Wir sind seit einer Woche von unserer gro\u00dfen Reise zur\u00fcck. Zuerst waren wir in Berlin bei Oma Vroni,Opa Rudi und Wolldeckenoma und Wolldeckenopa. Da Ole,Mama und ich zu der Zeit krank waren,konnten wir leider nicht so viel unternehmen wie wir eigentlich &hellip; <a href=\"http:\/\/dachgeschoss.dnsalias.com\/wordpress\/2013\/09\/22\/6-wochen-und-zurueck-im-saarland\/\" class=\"more-link\"><span class=\"screen-reader-text\">6 Wochen und zur\u00fcck im Saarland<\/span> weiterlesen <span class=\"meta-nav\">&rarr;<\/span><\/a><\/p>\n","protected":false},"author":1,"featured_media":0,"comment_status":"closed","ping_status":"","sticky":false,"template":"","format":"standard","meta":[],"categories":[1],"tags":[],"_links":{"self":[{"href":"http:\/\/dachgeschoss.dnsalias.com\/wordpress\/wp-json\/wp\/v2\/posts\/127"}],"collection":[{"href":"http:\/\/dachgeschoss.dnsalias.com\/wordpress\/wp-json\/wp\/v2\/posts"}],"about":[{"href":"http:\/\/dachgeschoss.dnsalias.com\/wordpress\/wp-json\/wp\/v2\/types\/post"}],"author":[{"embeddable":true,"href":"http:\/\/dachgeschoss.dnsalias.com\/wordpress\/wp-json\/wp\/v2\/users\/1"}],"replies":[{"embeddable":true,"href":"http:\/\/dachgeschoss.dnsalias.com\/wordpress\/wp-json\/wp\/v2\/comments?post=127"}],"version-history":[{"count":1,"href":"http:\/\/dachgeschoss.dnsalias.com\/wordpress\/wp-json\/wp\/v2\/posts\/127\/revisions"}],"predecessor-version":[{"id":128,"href":"http:\/\/dachgeschoss.dnsalias.com\/wordpress\/wp-json\/wp\/v2\/posts\/127\/revisions\/128"}],"wp:attachment":[{"href":"http:\/\/dachgeschoss.dnsalias.com\/wordpress\/wp-json\/wp\/v2\/media?parent=127"}],"wp:term":[{"taxonomy":"category","embeddable":true,"href":"http:\/\/dachgeschoss.dnsalias.com\/wordpress\/wp-json\/wp\/v2\/categories?post=127"},{"taxonomy":"post_tag","embeddable":true,"href":"http:\/\/dachgeschoss.dnsalias.com\/wordpress\/wp-json\/wp\/v2\/tags?post=127"}],"curies":[{"name":"wp","href":"https:\/\/api.w.org\/{rel}","templated":true}]}}