{"id":125,"date":"2013-09-01T20:41:00","date_gmt":"2013-09-01T18:41:00","guid":{"rendered":"http:\/\/192.168.3.11\/wordpress\/?p=125"},"modified":"2024-01-30T18:01:31","modified_gmt":"2024-01-30T17:01:31","slug":"3-wochen-und-das-erste-vollbad","status":"publish","type":"post","link":"http:\/\/dachgeschoss.dnsalias.com\/wordpress\/2013\/09\/01\/3-wochen-und-das-erste-vollbad\/","title":{"rendered":"3 Wochen und das erste Vollbad"},"content":{"rendered":"\n<p>Hall\u00f6chen Ihr Lieben,<\/p>\n\n\n\n<p class=\"has-green-color has-text-color\">auf den Tag genau bin ich Ole nun 3 Wochen alt. Und meine Eltern haben mich zur Feier des Tages endlich mal gebadet. Das war \u00fcberhaupt das erste Mal, dass ich mit Wasser in Kontakt gekommen bin, denn auch im Krankenhaus durfte ich nicht baden;-(. Na ja so richtig Spa\u00df hatte ich noch nicht, aber ich wollte eigentlich auch trinken und da setzt mich doch Mama einfach in so eine blaue Badewanne&#8230;.Sonst k\u00f6nnte ich eigentlich den ganzen Tag trinken, aber meine Mama h\u00e4lt wie auch schon bei meinem Br\u00fcderchen Matti einen strengen 3 Stundenrhythmus ein. Um das zu schaffen geht meine Mama viel mit mir spazieren. Mein bzw. Mamas Tag beginnt so gegen 7 Uhr mit einer ordentlichen Portion Milch.Danach komme ich meistens nicht so gut in den Schlaf, so dass Mama so gegen 10 Uhr nach ner zweiten Runde Milch ne Runde spazieren geht. Und das ist soooo sch\u00f6n, dass ich danach bis ca. 13 Uhr schlafe. Nachmittags schlafe ich dann auch noch mal 2x 3 St\u00fcndchen. Na ja und dann kommt so gegen Abend meine unruhige Phase, wo ich mich vor Bauchweh teilweise ziemlich winden muss,-(. Dann halten mich meine Eltern in den Armen und streicheln mir den Bauch. So gegen 21.30 Uhr bzw. 22 Uhr schlafe ich dann ein und wache meistens so gegen 1 Uhr zum Nachtessen auf;-). Dann lasse ich Mama etwas schlafen und gegen 4 Uhr mache ich mich wieder bemerkmar;-). Tja so sieht mein Tag zur Zeit aus: eesen, trinken, schlafen, meckern und mit Matti kuschel;-).<\/p>\n\n\n\n<p class=\"has-green-color has-text-color\">Heute am 2.09.2013 war meine Hebamme dar. Ich habe m\u00e4chtig zugelegt. 4600g, 57,5cm gro\u00df und Kopfumfang 38cm. Tja aber die andere Seite der Medaille ist, dass ich durch mein hastiges Trinken sooo Bauchweh habe, dass meine Mama nicht gut schlafen kann. Unsere Hebamme Jenny hat uns nun Globuli da gelassen und wir hoffen mal, dass die meinem Bl\u00e4hbauch ein wenig Abhilfe schaffen;-).<\/p>\n\n\n\n<p>Ja ich bin ganz verr\u00fcckt danach mit meinem Ole zu kuscheln. Am liebsten mag ich, wenn Ole mir in die Nase bei\u00dft, weil er denkt, ich bin Mamas Brust;-). Und ich mag es, den Kinderwagen zu schieben.<\/p>\n\n\n\n<p>Meine Eltern haben mir \u00fcbrigens am Wochenende neue Hausschuhe in Gr\u00f6\u00dfe 26 gekauft und Papa hat darauf bestanden mir Turnschuhe f\u00fcr den Sportplatz zu kaufen. Und trotz Einw\u00e4nden des Schuhverk\u00e4ufers habe ich nun tolle rosa wei\u00dfe Turnschuhe in Gr\u00f6\u00dfe 27. Und haltet Euch fest, ich bin damit glatte 1,20m in der Weitsprunggrube gesprungen. Sogar Mama ist wieder gesprungen&#8230;..Ach und Papa hat auf dem Sportplatz ne Kugelsto\u00dfkugel gefunden und wir haben Kugelsto\u00dfen ge\u00fcbt;-).<\/p>\n\n\n\n<p>So und nun w\u00fcnschen wir Euche ne sch\u00f6ne Woche.<\/p>\n\n\n\n<p>Alles Liebe Euer Ole und Euer Mattes<\/p>\n","protected":false},"excerpt":{"rendered":"<p>Hall\u00f6chen Ihr Lieben, auf den Tag genau bin ich Ole nun 3 Wochen alt. Und meine Eltern haben mich zur Feier des Tages endlich mal gebadet. Das war \u00fcberhaupt das erste Mal, dass ich mit Wasser in Kontakt gekommen bin, denn auch im Krankenhaus durfte ich nicht baden;-(. Na ja so richtig Spa\u00df hatte ich &hellip; <a href=\"http:\/\/dachgeschoss.dnsalias.com\/wordpress\/2013\/09\/01\/3-wochen-und-das-erste-vollbad\/\" class=\"more-link\"><span class=\"screen-reader-text\">3 Wochen und das erste Vollbad<\/span> weiterlesen <span class=\"meta-nav\">&rarr;<\/span><\/a><\/p>\n","protected":false},"author":1,"featured_media":0,"comment_status":"closed","ping_status":"","sticky":false,"template":"","format":"standard","meta":[],"categories":[1],"tags":[],"_links":{"self":[{"href":"http:\/\/dachgeschoss.dnsalias.com\/wordpress\/wp-json\/wp\/v2\/posts\/125"}],"collection":[{"href":"http:\/\/dachgeschoss.dnsalias.com\/wordpress\/wp-json\/wp\/v2\/posts"}],"about":[{"href":"http:\/\/dachgeschoss.dnsalias.com\/wordpress\/wp-json\/wp\/v2\/types\/post"}],"author":[{"embeddable":true,"href":"http:\/\/dachgeschoss.dnsalias.com\/wordpress\/wp-json\/wp\/v2\/users\/1"}],"replies":[{"embeddable":true,"href":"http:\/\/dachgeschoss.dnsalias.com\/wordpress\/wp-json\/wp\/v2\/comments?post=125"}],"version-history":[{"count":1,"href":"http:\/\/dachgeschoss.dnsalias.com\/wordpress\/wp-json\/wp\/v2\/posts\/125\/revisions"}],"predecessor-version":[{"id":126,"href":"http:\/\/dachgeschoss.dnsalias.com\/wordpress\/wp-json\/wp\/v2\/posts\/125\/revisions\/126"}],"wp:attachment":[{"href":"http:\/\/dachgeschoss.dnsalias.com\/wordpress\/wp-json\/wp\/v2\/media?parent=125"}],"wp:term":[{"taxonomy":"category","embeddable":true,"href":"http:\/\/dachgeschoss.dnsalias.com\/wordpress\/wp-json\/wp\/v2\/categories?post=125"},{"taxonomy":"post_tag","embeddable":true,"href":"http:\/\/dachgeschoss.dnsalias.com\/wordpress\/wp-json\/wp\/v2\/tags?post=125"}],"curies":[{"name":"wp","href":"https:\/\/api.w.org\/{rel}","templated":true}]}}