{"id":122,"date":"2013-08-27T19:11:00","date_gmt":"2013-08-27T17:11:00","guid":{"rendered":"http:\/\/192.168.3.11\/wordpress\/?p=122"},"modified":"2024-01-30T17:59:25","modified_gmt":"2024-01-30T16:59:25","slug":"erster-kindergartenbesuch","status":"publish","type":"post","link":"http:\/\/dachgeschoss.dnsalias.com\/wordpress\/2013\/08\/27\/erster-kindergartenbesuch\/","title":{"rendered":"Erster Kindergartenbesuch"},"content":{"rendered":"\n<p>Hall\u00f6chen Ihr Lieben,<\/p>\n\n\n\n<p>ab heute schreiben Ole und ich beide auf unsere Seite. Und damit Ihr uns auseinander halten k\u00f6nnt, schreibt Ole in einer anderen Farbe;-).<\/p>\n\n\n\n<p>Ich muss nun wieder in den Kindergarten und habe gar keine Lust dazu. Jeden Morgen weine ich ganz doll, wenn Papa mich abgibt. Nicht einmal Gummib\u00e4rchen k\u00f6nnen mich \u00fcberzeugen im Kindergarten zu bleiben;-(. Es war eben so sch\u00f6n mit Mama und Papa Zuhause&#8230;.Meine Eltern sind schon ganz verzweifelt. Aber in ein paar Tagen habe ich mich bestimmt wieder dran gew\u00f6hnt. Ach so und die Schramme unter meiner Nase auf den Photos habe ich von meinem ersten Kindergartentag nach den Ferien. Ich bin vom Kletterger\u00fcst im Kindergarten gefallen. Meine Mama macht sich schon ziemlich Soregn um mich, da es fast jeden Tag solch einen Zwischenfall gibt. Und leider kratze ich die Wunden beim Schlafen immer wieder auf, so dass ich bereits zwei Narben im Gesicht habe. Auch das l\u00e4sst meine Eltern etwas verzweifeln&#8230;.Sie machen f\u00fcr die Nacht jetzt immer ein Pflaster auf meine Wunden;-). Ich bin eben ein richtiger Mann ;-).<\/p>\n\n\n\n<p><mark style=\"background-color:rgba(0, 0, 0, 0)\" class=\"has-inline-color has-green-color\">Ich habe mein Bruder Matti die letzten zwei Tage nachmittags aus der Kita abgeholt. Das war spannend und ich freue mich jetzt schon darauf mit Matti zusammen in die Kita zu gehen. Ich bin nun 16 Tage alt und habe gut an Gewicht zugenommen, ich wiege nun 4370g. Sonst schlafe ich noch viel. Meistens schlafe ich so 3 Stunden am St\u00fcck und dann gibt es wieder leckere Milch ;-). Nur abends bin ich etwas unruhig, aber sonst k\u00f6nnen sich meien Eltern nicht beschweren. Mein Br\u00fcderchen Matti ist ganz lieb zu mir und streichelt und k\u00fcsst mich ganz oft. Abends lesen wir meistens zusammen in Mattis Bett eine Gutenachtgeschichte und danach bekomme ich mein Abendbrot.<\/mark><\/p>\n\n\n\n<p>So und nun m\u00fcssen wir uns beide ausruhen.<\/p>\n\n\n\n<p>Wir w\u00fcnschen noch eine gute Woche<\/p>\n\n\n\n<p>Bis bald Euer Ole und Euer Mattes<\/p>\n","protected":false},"excerpt":{"rendered":"<p>Hall\u00f6chen Ihr Lieben, ab heute schreiben Ole und ich beide auf unsere Seite. Und damit Ihr uns auseinander halten k\u00f6nnt, schreibt Ole in einer anderen Farbe;-). Ich muss nun wieder in den Kindergarten und habe gar keine Lust dazu. Jeden Morgen weine ich ganz doll, wenn Papa mich abgibt. Nicht einmal Gummib\u00e4rchen k\u00f6nnen mich \u00fcberzeugen &hellip; <a href=\"http:\/\/dachgeschoss.dnsalias.com\/wordpress\/2013\/08\/27\/erster-kindergartenbesuch\/\" class=\"more-link\"><span class=\"screen-reader-text\">Erster Kindergartenbesuch<\/span> weiterlesen <span class=\"meta-nav\">&rarr;<\/span><\/a><\/p>\n","protected":false},"author":1,"featured_media":0,"comment_status":"closed","ping_status":"","sticky":false,"template":"","format":"standard","meta":[],"categories":[1],"tags":[],"_links":{"self":[{"href":"http:\/\/dachgeschoss.dnsalias.com\/wordpress\/wp-json\/wp\/v2\/posts\/122"}],"collection":[{"href":"http:\/\/dachgeschoss.dnsalias.com\/wordpress\/wp-json\/wp\/v2\/posts"}],"about":[{"href":"http:\/\/dachgeschoss.dnsalias.com\/wordpress\/wp-json\/wp\/v2\/types\/post"}],"author":[{"embeddable":true,"href":"http:\/\/dachgeschoss.dnsalias.com\/wordpress\/wp-json\/wp\/v2\/users\/1"}],"replies":[{"embeddable":true,"href":"http:\/\/dachgeschoss.dnsalias.com\/wordpress\/wp-json\/wp\/v2\/comments?post=122"}],"version-history":[{"count":1,"href":"http:\/\/dachgeschoss.dnsalias.com\/wordpress\/wp-json\/wp\/v2\/posts\/122\/revisions"}],"predecessor-version":[{"id":123,"href":"http:\/\/dachgeschoss.dnsalias.com\/wordpress\/wp-json\/wp\/v2\/posts\/122\/revisions\/123"}],"wp:attachment":[{"href":"http:\/\/dachgeschoss.dnsalias.com\/wordpress\/wp-json\/wp\/v2\/media?parent=122"}],"wp:term":[{"taxonomy":"category","embeddable":true,"href":"http:\/\/dachgeschoss.dnsalias.com\/wordpress\/wp-json\/wp\/v2\/categories?post=122"},{"taxonomy":"post_tag","embeddable":true,"href":"http:\/\/dachgeschoss.dnsalias.com\/wordpress\/wp-json\/wp\/v2\/tags?post=122"}],"curies":[{"name":"wp","href":"https:\/\/api.w.org\/{rel}","templated":true}]}}