{"id":120,"date":"2013-08-21T21:16:00","date_gmt":"2013-08-21T19:16:00","guid":{"rendered":"http:\/\/192.168.3.11\/wordpress\/?p=120"},"modified":"2024-01-30T17:52:28","modified_gmt":"2024-01-30T16:52:28","slug":"ole-hat-genullt","status":"publish","type":"post","link":"http:\/\/dachgeschoss.dnsalias.com\/wordpress\/2013\/08\/21\/ole-hat-genullt\/","title":{"rendered":"Ole hat genullt !"},"content":{"rendered":"\n<p>Hall\u00f6chen Ihr Lieben,<\/p>\n\n\n\n<p>ich bin ja so gl\u00fccklich, denn am Wochenende waren endlich Oma Vroni und Opa Rudi zu Besuch. Wir haben viel Spa\u00df gehabt und waren im Schwimmbad, Dreirad fahren, auf dem Sportplatz, wandern und haben ganz viel gekuschelt und Quatsch gemacht;-)!!!!!Ich war so traurig als sie wieder gefahren sind, aber Mama und Papa haben versprochen, dass wir uns bald wiedersehen. Ich freu mich schon riesig, denn dann gehen wir wieder ins Schwimmbad und Turmspringer gucken;-).<\/p>\n\n\n\n<p>Kurz nachdem Oma und Opa gefahren sind, bin ich richtig krank geworden. Mit 40 Grad Fieber und R\u00fccken und Kopfschmerzen habe ich ganz apathisch im Bett gelegen. Meine Eltern haben sich so \u00fcber meinen Zustand erschrocken, dass sie in der Klinik angerufen haben. Zum Gl\u00fcck arbeitet da Mamas Freundin Kathrin, die uns geholfen hat. Heute geht es mir schon viel besser und meine Eltern sind sehr erleichtert.<\/p>\n\n\n\n<p>Und nun zu meinem Br\u00fcderchen. Heute auf den Tag genau ist Ole 10 Tage alt. Er hat bereits 4110g und wird von Tag zu Tag wacher. Er braucht ca. alle 3 Stunden etwas zu trinken und Mama ist schon etwas m\u00fcde, denn schl\u00e4ft Ole gerade bin ich wach und umgekehrt;-). Den Kopf kann Ole schon etwas heben und sonst schl\u00e4ft, isst und pupst er viel;-). Ich pers\u00f6nlich bin zur Zeit immer an Mamas Seite und muss \u00fcberall dabei sein. Zum Wickeln hole ich mir immer meinen roten Hocker und gucke Mama zu. Und beim Spazieren gehen muss ich den Kinderwagen schieben, wenn ich nicht gerade von Papa auf den Schultern getragen werde;-). Ich bin n\u00e4mlcih ein ganz sch\u00f6ner Faulpelz&#8230;.<\/p>\n\n\n\n<p>Ach zu mir ist noch zu sagen, dass ich seit ca. 3 Wochen Bilder im Stil des Kopff\u00fc\u00dflers male. F\u00fcr alle, die mit dieser Stilrichtung nicht vertraut sind: ich male einen Kopf mit Augen, Nase,Mund, Ohren und Haare und direkt an den Kopf kommen die Beine. Und ich kann einen Rei\u00dfverschluss an meiner Strickjacke ganz allein zumachen.<\/p>\n\n\n\n<p>So und nun muss ich mich weiter ausruhen.<\/p>\n\n\n\n<p>Bis bald Euer Mattes und Euer Ole<\/p>\n","protected":false},"excerpt":{"rendered":"<p>Hall\u00f6chen Ihr Lieben, ich bin ja so gl\u00fccklich, denn am Wochenende waren endlich Oma Vroni und Opa Rudi zu Besuch. Wir haben viel Spa\u00df gehabt und waren im Schwimmbad, Dreirad fahren, auf dem Sportplatz, wandern und haben ganz viel gekuschelt und Quatsch gemacht;-)!!!!!Ich war so traurig als sie wieder gefahren sind, aber Mama und Papa &hellip; <a href=\"http:\/\/dachgeschoss.dnsalias.com\/wordpress\/2013\/08\/21\/ole-hat-genullt\/\" class=\"more-link\"><span class=\"screen-reader-text\">Ole hat genullt !<\/span> weiterlesen <span class=\"meta-nav\">&rarr;<\/span><\/a><\/p>\n","protected":false},"author":1,"featured_media":0,"comment_status":"closed","ping_status":"","sticky":false,"template":"","format":"standard","meta":[],"categories":[1],"tags":[],"_links":{"self":[{"href":"http:\/\/dachgeschoss.dnsalias.com\/wordpress\/wp-json\/wp\/v2\/posts\/120"}],"collection":[{"href":"http:\/\/dachgeschoss.dnsalias.com\/wordpress\/wp-json\/wp\/v2\/posts"}],"about":[{"href":"http:\/\/dachgeschoss.dnsalias.com\/wordpress\/wp-json\/wp\/v2\/types\/post"}],"author":[{"embeddable":true,"href":"http:\/\/dachgeschoss.dnsalias.com\/wordpress\/wp-json\/wp\/v2\/users\/1"}],"replies":[{"embeddable":true,"href":"http:\/\/dachgeschoss.dnsalias.com\/wordpress\/wp-json\/wp\/v2\/comments?post=120"}],"version-history":[{"count":1,"href":"http:\/\/dachgeschoss.dnsalias.com\/wordpress\/wp-json\/wp\/v2\/posts\/120\/revisions"}],"predecessor-version":[{"id":121,"href":"http:\/\/dachgeschoss.dnsalias.com\/wordpress\/wp-json\/wp\/v2\/posts\/120\/revisions\/121"}],"wp:attachment":[{"href":"http:\/\/dachgeschoss.dnsalias.com\/wordpress\/wp-json\/wp\/v2\/media?parent=120"}],"wp:term":[{"taxonomy":"category","embeddable":true,"href":"http:\/\/dachgeschoss.dnsalias.com\/wordpress\/wp-json\/wp\/v2\/categories?post=120"},{"taxonomy":"post_tag","embeddable":true,"href":"http:\/\/dachgeschoss.dnsalias.com\/wordpress\/wp-json\/wp\/v2\/tags?post=120"}],"curies":[{"name":"wp","href":"https:\/\/api.w.org\/{rel}","templated":true}]}}