{"id":118,"date":"2013-08-16T20:27:00","date_gmt":"2013-08-16T18:27:00","guid":{"rendered":"http:\/\/192.168.3.11\/wordpress\/?p=118"},"modified":"2024-01-30T17:51:42","modified_gmt":"2024-01-30T16:51:42","slug":"die-ersten-tage-von-ole","status":"publish","type":"post","link":"http:\/\/dachgeschoss.dnsalias.com\/wordpress\/2013\/08\/16\/die-ersten-tage-von-ole\/","title":{"rendered":"Die ersten Tage von Ole"},"content":{"rendered":"\n<p>Hall\u00f6chen Ihr Lieben,<\/p>\n\n\n\n<p>wie Ihr ja bereits mitbekommen habt, ist endlich mein Br\u00fcderchen Ole auf die Welt gekommen!!!!!<\/p>\n\n\n\n<p>Die Tage bis zur Geburt waren wir alle sehr unruhig und konnten es kaum erwarten. Um der Sache etwas nachzuhelfen sind wir noch eine Runde Tretboot gefahren und 10km spazieren gegangen. Und siehe da nach unserem Spaziergang hat Mama am 10.08,2013 gegen 24Uhr Wehen bekommen, die ziemlich schnell ziemlich heftig wurden. Kurz nach 2 Uhr nachts ist die Fruchtblase etwas eingerissen und nach einem Anruf bei unser Hebamme Yvonne ist Papa wie wild durch die Gegend gerannt und hat alle Sachen f\u00fcr mich und Mama eingepackt. Dann hat Papa mich geweckt und gesagt, dass wir jetzt zu meiner Kindergartenfreundin Sophie fahren. Da habe ich mich wahnsinnig gefreut!!!! Nur Mama war die ganze Zeit so komisch. Jetzt weiss ich, dass sie zu diesem Zeitpunkt schon alle 2 Minuten strake Wehen hatte und deshalb nicht mehr mit mir richtig reden konnte. Mit lauter Radiomusik ging es dann ab in die Klinik nach Zweibr\u00fccken. Dort angekommen hat Papa einen Rollstuhl besorgt und ist mit Mama in den Krei\u00dfsaal ged\u00fcst. Dort sind sie gegen 3.15 Uhr eingetroffen. Ich habe im Auto gewartet. Danach hat mich Papa bei Sophie, Anni und Markus, die alle wach waren und mich freudig begr\u00fc\u00dft haben, abgegeben. Das war dann doch nicht ganz so einfach wie meine Eltern geadacht haben. Nur gegen eine kleine Bestechung n\u00e4mlich einen gr\u00fcnen und roten Wackelpudding, den mir Papa am n\u00e4chsten Morgen versprochen hat, habe ich zu weinen aufgeh\u00f6rt und bin da geblieben. Anni und Markus haben es toll gemacht und meine Eltern sind \u00fcbergl\u00fccklich, dass sie uns so unterst\u00fctzt haben. Vielen Dank!!!!!!!!!!!!<\/p>\n\n\n\n<p>Nach einem kurzen, aber harten Kampf hat mein Br\u00fcderchen am 11.08.2013 um 8.21 Uhr das Licht der Welt erblickt (3820g, 53cm gro\u00df, Kopfumfang 36,5cm). Leider hatte er die Nabelschnur einmal um den Hals und Handgelenk, sodass es zwischendurch etwas kritisch wurde, aber unsere Hebamme hat es mit Bravour gemeistert. Nur kam Ole in der Farbe eines Schlumpfes auf die Welt. Meine Mama war wie Ihr Euch ja denken k\u00f6nnt, ziemlich panisch und hatte f\u00fcrchterlich Angst um unseren Ole, aber er hat sich schnell erholt von dem ganzen Stress und nach einer Nacht um Inkubator ging es ihm schon richtig gut;-).<\/p>\n\n\n\n<p>Tag 1 in Oles Leben: Endlich durften wir Br\u00fcder uns kennenlernen. Das erste, was ich zu Mama gesagt habe war: &#8222;Jetzt ist der Ole da. dann kannst du mich wieder tragen?&#8220; Da wir ein Familienzimmer hatten, haben wir jeden Tag alle zusammen gefr\u00fchst\u00fcckt und Abendbrot gegessen. Das war toll!!!!!<\/p>\n\n\n\n<p>Tag 2: Ole wurde in der Nacht gewogen und hatte bereits 10g mehr als zur Geburt. Und der Nabel ist in der Nacht auch bereits abgegangen. Mein ole ist eben einer von der schnellen Sorte;-).<\/p>\n\n\n\n<p>Tag 3: Am Morgen klingelt das Telefon bei uns Zuhause. Und da Papa im Bad war, habe ich den H\u00f6rer abgenommen. Und da war meine Mama dran, die uns sagen wollte, dass wir Ole und sie aus dem Krankenhaus abholen k\u00f6nnen. Ich habe Mama gesagt, dass Papa im Bad ist und bin mit dem h\u00f6rer in der Hand die Treppe hoch zu Papa und habe ihm davon berichtet. Meine Eltern waren beide einfach nur sprachlos&#8230;&#8230;.Ich bin eben jetzt ein gro\u00dfer Bruder!!!Die U2 hat mein Br\u00fcderchen mit Bravour gemeistert. Und wir konnten Ole und Mama endlich mit nach Hause nehmen. Ich war so gl\u00fccklich, meine Mama endlich wieder Zuhause zu haben.<\/p>\n\n\n\n<p>Tag 4: Unsere Hebamme Jenny, die mich damals schon auf die Welt gebracht hat, kam zur Nachsorge und hat Ole gewogen 3870g;-)!!!! Auch Ole kommt wohl nach Papa;-). Nach einer sehr kurzen Nacht f\u00fcr meine Mama haben wir am Nachmittag unseren ersten gemeinsamen Ausflug zu 4 in unser Schwimmbad unternommen. Ole hat glatte 3 Stunden im Kinderwagen im Schatten geschlafen, sodass ich meine Mama ganz f\u00fcr mich allein hatte;-).<\/p>\n\n\n\n<p>In der ganzen Zeit bin ich richtig gro\u00df gewordem. Ich mache jetzt alles allein. ich ziehe mich komplett selber an und aus und suche mir sogar die Sachen selbstst\u00e4ndig aus dem Schrank. Ole k\u00f6nnte ich den ganzen Tag nur knuddeln und gehe sehr leibevoll mit ihm um.<\/p>\n\n\n\n<p>So soviel zu den ersten Tagen zu 4 bei uns.<\/p>\n\n\n\n<p>Ich berichte Euch weiter.<\/p>\n\n\n\n<p>Bis bald<\/p>\n\n\n\n<p>Euer Mattes und Ole<\/p>\n","protected":false},"excerpt":{"rendered":"<p>Hall\u00f6chen Ihr Lieben, wie Ihr ja bereits mitbekommen habt, ist endlich mein Br\u00fcderchen Ole auf die Welt gekommen!!!!! Die Tage bis zur Geburt waren wir alle sehr unruhig und konnten es kaum erwarten. Um der Sache etwas nachzuhelfen sind wir noch eine Runde Tretboot gefahren und 10km spazieren gegangen. Und siehe da nach unserem Spaziergang &hellip; <a href=\"http:\/\/dachgeschoss.dnsalias.com\/wordpress\/2013\/08\/16\/die-ersten-tage-von-ole\/\" class=\"more-link\"><span class=\"screen-reader-text\">Die ersten Tage von Ole<\/span> weiterlesen <span class=\"meta-nav\">&rarr;<\/span><\/a><\/p>\n","protected":false},"author":1,"featured_media":0,"comment_status":"closed","ping_status":"","sticky":false,"template":"","format":"standard","meta":[],"categories":[1],"tags":[],"_links":{"self":[{"href":"http:\/\/dachgeschoss.dnsalias.com\/wordpress\/wp-json\/wp\/v2\/posts\/118"}],"collection":[{"href":"http:\/\/dachgeschoss.dnsalias.com\/wordpress\/wp-json\/wp\/v2\/posts"}],"about":[{"href":"http:\/\/dachgeschoss.dnsalias.com\/wordpress\/wp-json\/wp\/v2\/types\/post"}],"author":[{"embeddable":true,"href":"http:\/\/dachgeschoss.dnsalias.com\/wordpress\/wp-json\/wp\/v2\/users\/1"}],"replies":[{"embeddable":true,"href":"http:\/\/dachgeschoss.dnsalias.com\/wordpress\/wp-json\/wp\/v2\/comments?post=118"}],"version-history":[{"count":1,"href":"http:\/\/dachgeschoss.dnsalias.com\/wordpress\/wp-json\/wp\/v2\/posts\/118\/revisions"}],"predecessor-version":[{"id":119,"href":"http:\/\/dachgeschoss.dnsalias.com\/wordpress\/wp-json\/wp\/v2\/posts\/118\/revisions\/119"}],"wp:attachment":[{"href":"http:\/\/dachgeschoss.dnsalias.com\/wordpress\/wp-json\/wp\/v2\/media?parent=118"}],"wp:term":[{"taxonomy":"category","embeddable":true,"href":"http:\/\/dachgeschoss.dnsalias.com\/wordpress\/wp-json\/wp\/v2\/categories?post=118"},{"taxonomy":"post_tag","embeddable":true,"href":"http:\/\/dachgeschoss.dnsalias.com\/wordpress\/wp-json\/wp\/v2\/tags?post=118"}],"curies":[{"name":"wp","href":"https:\/\/api.w.org\/{rel}","templated":true}]}}