{"id":108,"date":"2013-03-15T21:01:00","date_gmt":"2013-03-15T20:01:00","guid":{"rendered":"http:\/\/192.168.3.11\/wordpress\/?p=108"},"modified":"2024-01-30T17:47:23","modified_gmt":"2024-01-30T16:47:23","slug":"turbulenter-februar","status":"publish","type":"post","link":"http:\/\/dachgeschoss.dnsalias.com\/wordpress\/2013\/03\/15\/turbulenter-februar\/","title":{"rendered":"Turbulenter Februar"},"content":{"rendered":"\n<p>Hall\u00f6chen Ihr Lieben,<\/p>\n\n\n\n<p>es ist verdammt lange her, dass wir uns gesprochen haben. Der Februar war sehr trubulent. Er war zun\u00e4chst von Grippewelle bei mir und bei Mama gepr\u00e4gt. Ich musste zum ersten Mal sogar zum Kinderarzt und Mama war kurz davor, mich ins Krankenhaus zu bringen&#8230;Aber jetzt geht es uns wieder besser.<\/p>\n\n\n\n<p>Dann waren Oma Vroni und Opa Rudi zu Besuch. Das war sooooo sch\u00f6n. Oma und Opa haben mich vom Kindergarten abgeholt, nachdem sie angekommen sind und ich bin vor Freude fast in die Luft gesprungen. Sie haben mir ein Steckenpferd mitgebracht und ich bin als Hoppereiter zum Fasching gegangen. Mama hat sich auch Urlaub nehmen k\u00f6nnen und wir sind zusammen Schlittschuh gefahren. Opa und Mama haben mich auf einem Stuhl mit Kuven durch die Eishalle geschleudert;-). Das war cool. Und dann waren wir noch sch\u00f6n im Schnee mit Schlitten spazieren. Ich war ganz aus dem H\u00e4uschen vor lauter Freude, dass Oma und Opa zu Besuch waren. Ich sehe sie ja bald wieder, wenn der Osterhase kommt-juhu!!!!!!!!!!!<\/p>\n\n\n\n<p>Und wisst ihr was? Meine Mama hat einen kleinen Ole bei sich im Bauch. Mama und Papa sind sehr gl\u00fccklich! Ole ist jetzt ca. 19 Wochen alt und Mama hat schon jetzt so richtig Schwangerschaftsdemenz und extreme Konzentrationsst\u00f6rungen. Und so sind einige ungl\u00fcckliche Dinge passiert;-( Alles nur Sachsch\u00e4den, aber Papa nennt Mama nur noch Kostenfalle;-). Meine Eltern brauchen dringend Urlaub!!!! Ich hingenen denke auch, dass ich ein kleines Baby im Bauch habe, da ich ebenfalls einen ganz sch\u00f6n dicken Bauch habe;-).<\/p>\n\n\n\n<p>Zu meiner pers\u00f6nlciher Entwicklung ist zu schreiben, dass ich den ganzen Tag viel singe und mir zu unterschiedlichen Kindermelodien neue Texte ausdenke. Im Allgemeinen denke ich mir so manches aus und bringe meine Eltern damit oft zum Lachen, auch in den Momenten, in denen sie eigentlich schimpfen wollten;-). Ich bin zur Zeit ein kleiner lieber L\u00f6we, der laut br\u00fcllen kann. Ich fange an mit Messer und Gabel zu esen und kann Flaschen auf und zudrehen. Ich esse mittlerweile auch mehr Obst \u00c4pfel mit Schale und Bananen. Sogar Paprika und Gurke habe ich gekostet. Meine Leidenschaft sind zur Zeit Z\u00fcge, ob bei mir im Kinderzimmer, meinen Freunden oder auf dem richtigen Bahnhof, ich k\u00f6nnte stundenlang Z\u00fcgen beim Fahren zugucken. Am besten sind nat\u00fcrlich die Dampflocks auf Papas Tablet-PC. Klettern, springen und ganz viel toben ist ebenfalls super, am besten eignet sich daf\u00fcr unsere Couch im Wohnzimmer;-) Knuddeln und wuppeln wie ich sage (kuscheln auf deutsch) mache ich auch sehr gerne. Und dann haben wir im Kindergarten drei neue Erzieherinnen bekommen und die j\u00fcngste und h\u00fcbscheste hat mich gleich in ihr Herz geschlossen. Gleich an ihrem zweiten Tag hat sie mich in den Schlaf gestreichelt;-) Ich wei\u00df, wie Mann die Frauen um den Finger wickelt!!! Auch die Friseurin, die&nbsp; mir heute die Haare geschnitten hat, wollte mich am liebsten gleich nach Hause nehmen. Ach und dann waren wir noch bei Claudi und Dirk zu Besuch. Die beiden haben mir einen Kassettenrekorder geschenkt, mit dem ich selber aufnehmen kann. Das ist ein Spa\u00df!!!!! Meine ersten Lieder auf Kassette.<\/p>\n\n\n\n<p>So und nun genug. Mama f\u00e4hrt morgen f\u00fcr eine lange Woche auf Weiterbildung. Ich bin jetzt schoon ganz traurig, aber Papa und ich wir beide werden die Zeit schon genie\u00dfen!!!!<\/p>\n\n\n\n<p>Also bis bald und wundersch\u00f6ne Ostern<\/p>\n\n\n\n<p>Euer Mattes<\/p>\n","protected":false},"excerpt":{"rendered":"<p>Hall\u00f6chen Ihr Lieben, es ist verdammt lange her, dass wir uns gesprochen haben. Der Februar war sehr trubulent. Er war zun\u00e4chst von Grippewelle bei mir und bei Mama gepr\u00e4gt. Ich musste zum ersten Mal sogar zum Kinderarzt und Mama war kurz davor, mich ins Krankenhaus zu bringen&#8230;Aber jetzt geht es uns wieder besser. Dann waren &hellip; <a href=\"http:\/\/dachgeschoss.dnsalias.com\/wordpress\/2013\/03\/15\/turbulenter-februar\/\" class=\"more-link\"><span class=\"screen-reader-text\">Turbulenter Februar<\/span> weiterlesen <span class=\"meta-nav\">&rarr;<\/span><\/a><\/p>\n","protected":false},"author":1,"featured_media":0,"comment_status":"closed","ping_status":"","sticky":false,"template":"","format":"standard","meta":[],"categories":[1],"tags":[],"_links":{"self":[{"href":"http:\/\/dachgeschoss.dnsalias.com\/wordpress\/wp-json\/wp\/v2\/posts\/108"}],"collection":[{"href":"http:\/\/dachgeschoss.dnsalias.com\/wordpress\/wp-json\/wp\/v2\/posts"}],"about":[{"href":"http:\/\/dachgeschoss.dnsalias.com\/wordpress\/wp-json\/wp\/v2\/types\/post"}],"author":[{"embeddable":true,"href":"http:\/\/dachgeschoss.dnsalias.com\/wordpress\/wp-json\/wp\/v2\/users\/1"}],"replies":[{"embeddable":true,"href":"http:\/\/dachgeschoss.dnsalias.com\/wordpress\/wp-json\/wp\/v2\/comments?post=108"}],"version-history":[{"count":1,"href":"http:\/\/dachgeschoss.dnsalias.com\/wordpress\/wp-json\/wp\/v2\/posts\/108\/revisions"}],"predecessor-version":[{"id":109,"href":"http:\/\/dachgeschoss.dnsalias.com\/wordpress\/wp-json\/wp\/v2\/posts\/108\/revisions\/109"}],"wp:attachment":[{"href":"http:\/\/dachgeschoss.dnsalias.com\/wordpress\/wp-json\/wp\/v2\/media?parent=108"}],"wp:term":[{"taxonomy":"category","embeddable":true,"href":"http:\/\/dachgeschoss.dnsalias.com\/wordpress\/wp-json\/wp\/v2\/categories?post=108"},{"taxonomy":"post_tag","embeddable":true,"href":"http:\/\/dachgeschoss.dnsalias.com\/wordpress\/wp-json\/wp\/v2\/tags?post=108"}],"curies":[{"name":"wp","href":"https:\/\/api.w.org\/{rel}","templated":true}]}}