{"id":104,"date":"2012-12-16T11:04:00","date_gmt":"2012-12-16T10:04:00","guid":{"rendered":"http:\/\/192.168.3.11\/wordpress\/?p=104"},"modified":"2024-01-30T17:45:23","modified_gmt":"2024-01-30T16:45:23","slug":"schoene-dezemberzeit","status":"publish","type":"post","link":"http:\/\/dachgeschoss.dnsalias.com\/wordpress\/2012\/12\/16\/schoene-dezemberzeit\/","title":{"rendered":"Sch\u00f6ne Dezemberzeit"},"content":{"rendered":"\n<p>Hall\u00f6chen Ihr Lieben,<\/p>\n\n\n\n<p>etwas versp\u00e4tet melde ich mich nach meinem gro\u00dfen Ereignis zur\u00fcck.<\/p>\n\n\n\n<p>Zun\u00e4chst kam ja erst einmal der Nikolaus. Und in Vorbereitung dessen habe ich flei\u00dfig meine Stiefel und sogar die meiner Eltern geputzt. Am n\u00e4chsten Morgen war ich dann schon ziemlich fr\u00fch wach (5 Uhr) und wollte gucken, ob der Nikolaus doch tats\u00e4chlich vorbeigekommen ist. Und meine Stiefel waren tats\u00e4chlich gef\u00fcllt. Ich habe ein kleines Feuerwehrauto bekommen, dass ich nicht mehr loslasse. Es muss sogar abends mit ins Bett. In der Kita gab es auch eine \u00dcberraschung. Unsere Str\u00fcmpfe waren mit S\u00fc\u00dfigkeiten und Obst gef\u00fcllt. Das war ein sehr aufregender Tag.<\/p>\n\n\n\n<p>In der Nacht zum 7.12.2012 hat es dann angefangen zu schneien so wie auch bei meiner Geburt vor 2 Jahren. Das war ein sehr sch\u00f6nes Erlebnis, morgens aus dem Fenster zu gucken und die Welt ganz in wei\u00df zu sehen. Dann ist Mama mit mir ins Wohnzimmer gegangen, wo Papa schon im Kerzenschein auf uns gewartet hat. Bei Schlumpfmusik und Kerzenlicht haben mich am meisten die Luftballons und der Muffin auf meinem Teller interessiert. Ich wollte mich nur an meinen Tisch setzten und essen. Geschenke habe ich gar keine ausgepackt, denn dann w\u00e4ren wohl Mama und Papa viel zu sp\u00e4t auf Arbeit gekommen. Im Kindergarten gab es dann eine gro\u00dfe Party mit Mamas Muffins, Singen, Tanzen und einer Geburtstagskrone&#8230;&#8230;.Ich war am Nachmittag ziemlich kaputt. Doch es warteten noch eine Menge Anrufe und Geschenke auf mich Zuhause&#8230;.Ich habe so viele tolle Geschenke und liebe Karten bekommen, dass ich sie gar nicht alle aufz\u00e4hlen kann. Ich bedanke mich ganz herzlich bei Euch allen!!!!!Mama und Papa waren an diesem Tag so m\u00fcde, dass wir uns abends etwas vom Chinesen bestellt haben.Und so endete mein 2.Geburtstag mit Gl\u00fcckskeksen;-).<\/p>\n\n\n\n<p>Der n\u00e4chste Tag startete mit Geburtstagsvorbereitungen. Sauber machen, Kuchen backen, einkaufen&#8230;..Ich war so aufgeregt, dass ich mittags gar nicht einschlafen wollte. Und dann habe ich fast meine G\u00e4ste verschlafen. Als mein Kumpel Elias um 15 Uhr mit seinen Eltern vor unser T\u00fcr stand, war ich leider noch im Schlafanzug. Aber ich habe mich riesig gefreut und bin durch die Gegend geh\u00fcpft. Meine Freundin Sophie kam auch noch mit ihrer Mama. Nach einem leckeren Kuchen essen und Kakao trinken sind wir alle raus gegangen in den Schnee. Jeder hatte seinen Schlitten mitgebracht und wir sind die verschneiten Stra\u00dfen entlang gerast. Auf dem Spielplatz sind wir dann gerodelt. Das war richtig super!!!!Sophie musste dann mit ihrer Mama noch auf einen anderen Geburtstag und Elias ist mit seinen Eltern noch zum Abendessen geblieben. Dann hat uns Papa noch eine Sandm\u00e4nnchengeschichte vorgelesen und dann musste auch Elias nach Hause;-(. Er w\u00e4re ja gern geblieben&#8230;..<\/p>\n\n\n\n<p>Ja das war mein Geburtstag sehr spannend und wundersch\u00f6n, nur leider konnten meine Omas undOpas nur per Skype dabei sein;-(. Aber nur noch 9 mal schlafen und dann sehe ich sie alle wieder!!!!!!!!!!<\/p>\n\n\n\n<p>Im Kindergarten haben wir am Freitag 14.12.12 eine Waldweihnacht gefeiert. Wir sind in den Homburger Wald gewandert und auf dem Weg zur Lichtung waren \u00fcberall Teelichter aufgestellt. Auf der Lichtung selber hat eine Art Krippe auf uns gewartet. Die gro\u00dfen Kinder haben viel gesungen und wir haben selbstgebasteltes Vogelfutter an die B\u00e4ume gehangen. Danach gab es Pl\u00e4tzchn und Kinderpunsch f\u00fcr alle. Es war wundersch\u00f6n, nur der Dauerregen hat die Dauer der Feier etwas verk\u00fcrzt. Alle waren danach so nass und durchgefroren, aber gl\u00fccklich!!<\/p>\n\n\n\n<p>Tja und Zuhause haben wir nun auch endg\u00fcltig die Weihanchtszeit mit einem wundersch\u00f6nen Tannenbaum eingel\u00e4utet.<\/p>\n\n\n\n<p>So und nun w\u00fcnsche ich Euch allen eine besinnliche Weihnachtszeit und einen guten Rutsch ins Jahr 2013!!!<\/p>\n\n\n\n<p>Euer Mattes<\/p>\n","protected":false},"excerpt":{"rendered":"<p>Hall\u00f6chen Ihr Lieben, etwas versp\u00e4tet melde ich mich nach meinem gro\u00dfen Ereignis zur\u00fcck. Zun\u00e4chst kam ja erst einmal der Nikolaus. Und in Vorbereitung dessen habe ich flei\u00dfig meine Stiefel und sogar die meiner Eltern geputzt. Am n\u00e4chsten Morgen war ich dann schon ziemlich fr\u00fch wach (5 Uhr) und wollte gucken, ob der Nikolaus doch tats\u00e4chlich &hellip; <a href=\"http:\/\/dachgeschoss.dnsalias.com\/wordpress\/2012\/12\/16\/schoene-dezemberzeit\/\" class=\"more-link\"><span class=\"screen-reader-text\">Sch\u00f6ne Dezemberzeit<\/span> weiterlesen <span class=\"meta-nav\">&rarr;<\/span><\/a><\/p>\n","protected":false},"author":1,"featured_media":0,"comment_status":"closed","ping_status":"","sticky":false,"template":"","format":"standard","meta":[],"categories":[1],"tags":[],"_links":{"self":[{"href":"http:\/\/dachgeschoss.dnsalias.com\/wordpress\/wp-json\/wp\/v2\/posts\/104"}],"collection":[{"href":"http:\/\/dachgeschoss.dnsalias.com\/wordpress\/wp-json\/wp\/v2\/posts"}],"about":[{"href":"http:\/\/dachgeschoss.dnsalias.com\/wordpress\/wp-json\/wp\/v2\/types\/post"}],"author":[{"embeddable":true,"href":"http:\/\/dachgeschoss.dnsalias.com\/wordpress\/wp-json\/wp\/v2\/users\/1"}],"replies":[{"embeddable":true,"href":"http:\/\/dachgeschoss.dnsalias.com\/wordpress\/wp-json\/wp\/v2\/comments?post=104"}],"version-history":[{"count":1,"href":"http:\/\/dachgeschoss.dnsalias.com\/wordpress\/wp-json\/wp\/v2\/posts\/104\/revisions"}],"predecessor-version":[{"id":105,"href":"http:\/\/dachgeschoss.dnsalias.com\/wordpress\/wp-json\/wp\/v2\/posts\/104\/revisions\/105"}],"wp:attachment":[{"href":"http:\/\/dachgeschoss.dnsalias.com\/wordpress\/wp-json\/wp\/v2\/media?parent=104"}],"wp:term":[{"taxonomy":"category","embeddable":true,"href":"http:\/\/dachgeschoss.dnsalias.com\/wordpress\/wp-json\/wp\/v2\/categories?post=104"},{"taxonomy":"post_tag","embeddable":true,"href":"http:\/\/dachgeschoss.dnsalias.com\/wordpress\/wp-json\/wp\/v2\/tags?post=104"}],"curies":[{"name":"wp","href":"https:\/\/api.w.org\/{rel}","templated":true}]}}