{"id":102,"date":"2012-11-26T21:04:00","date_gmt":"2012-11-26T20:04:00","guid":{"rendered":"http:\/\/192.168.3.11\/wordpress\/?p=102"},"modified":"2024-01-30T17:44:35","modified_gmt":"2024-01-30T16:44:35","slug":"hurra-oma-und-opa-zeit","status":"publish","type":"post","link":"http:\/\/dachgeschoss.dnsalias.com\/wordpress\/2012\/11\/26\/hurra-oma-und-opa-zeit\/","title":{"rendered":"Hurra Oma und Opa-Zeit!!!"},"content":{"rendered":"\n<p>Hall\u00f6chen Ihr Lieben,<\/p>\n\n\n\n<p>nach einem kleinen Serverabsturz sind wir nun wieder online.<\/p>\n\n\n\n<p>Inzwischen habe ich viel erlebt und eine wunderbare Zeit mit Oma und Opa Heinzelmann verlebt. Sie haben uns f\u00fcr eine Woche besucht. Und so wurde ich f\u00fcr diese Zeit nach dem Mittagsschlaf aus dem Kindergarten abgeholt. Da wir mit dem Wetter Gl\u00fcck hatten, sind wir viel spazieren gegangen und sind auf Spielpl\u00e4tzen gewesen. Meine Eltern haben diese Zeit auch sehr genossen, denn sie konnten endlich mal die Abende zusammen ausw\u00e4rts genie\u00dfen. Vielen Dank daf\u00fcr!!! Das haben sie mal gebraucht;-). Mit Oma und Opa habe ich meine ersten Weihnachtspl\u00e4tzchen gebacken und die waren sehr lecker. Und ich bin zum ersten Mal Inlineskates gefahren. Am Anfang war es sehr wackelig, aber so nach 1h konnte ich schon ganz alleine auf den Skates stehen. Ich gehe jetzt jeden Sonntag inlineskaten. Das macht wirklich Spa\u00df. Und Zug konnte ich wieder mit Oma und Opa fahren von Homburg nach Limbach und seitdem m\u00f6chte ich gar nicht mehr Auto fahren. Oma und Opa haben mir auch eine Kinderschere mitgebracht, mit der ich ganz begeistert schneide.<\/p>\n\n\n\n<p>Ich war \u00fcbrigens mal wieder beim Kinderarzt bei der U7 und meine aktuellen Daten sind: 86cm gro\u00df, 13 kg schwer und 52 cm Kopfumfang. Die \u00dcbungen, die der Kinderarzt von mir wollte, habe ich alle gut gemacht, so dass wir nach anf\u00e4nglichen Misstrauen schnell wieder aus der Praxis raus waren. Diesmal ganz ohne irgendwelche Qu\u00e4lereien.<\/p>\n\n\n\n<p>Was noch sehr beeindruckend f\u00fcr meine Eltern war, ist der Hausschuhkauf letzten Freitag. Ich hatte ja eigentlich gar keine Lust Schuhe zu kaufen, aber Mama und Papa haben mir versprochen, dass ich dann ganz schnell laufen k\u00f6nnte. Also bin ich mit ihnen ins Gesch\u00e4ft. Ungef\u00e4hr 6 Paar Schuhe habe ich anprobiert und alle haben irgendwie gedr\u00fcckt und ich meinte immer;&#8220; Matti nicht schnell laufen damit.&#8220;Meine Eltern waren schon leicht genervt, als ich doch pl\u00f6tzlich die sch\u00f6nen roten Schuhe mit einem Auto vorne daruf im Regal sah. Ich stand auf und meinte:&#8220; Matti die haben.&#8220; Nachdem ich sie angezogen hatte, sagte ich: &#8220; Matti schnell laufen!, Schuhe gut&#8220; Und so habe ich jetzt tolle Hausschuhe, die ich gar nicht mehr ausziehen m\u00f6chte;-). Meine Winterstiefel mit Klettverschlu\u00df bekomme ich auch schon ganz alleine an- und ausgezogen. Ich kann jetzt sogar schon die Farben: rot, gr\u00fcn, gelb, blau und lila. Und z\u00e4hlen tue ich 1,2,9, 1o. Das erscheint mir logischer als 1,2,3,4,5;-).<\/p>\n\n\n\n<p>So und nun beginnt die sch\u00f6ne Adventszeit bald und ich freue mich schon riesig.<\/p>\n\n\n\n<p>Also ich w\u00fcnsche Euch eine sch\u00f6ne Woche.<\/p>\n\n\n\n<p>Bis bald<\/p>\n\n\n\n<p>Euer Mattes<\/p>\n","protected":false},"excerpt":{"rendered":"<p>Hall\u00f6chen Ihr Lieben, nach einem kleinen Serverabsturz sind wir nun wieder online. Inzwischen habe ich viel erlebt und eine wunderbare Zeit mit Oma und Opa Heinzelmann verlebt. Sie haben uns f\u00fcr eine Woche besucht. Und so wurde ich f\u00fcr diese Zeit nach dem Mittagsschlaf aus dem Kindergarten abgeholt. Da wir mit dem Wetter Gl\u00fcck hatten, &hellip; <a href=\"http:\/\/dachgeschoss.dnsalias.com\/wordpress\/2012\/11\/26\/hurra-oma-und-opa-zeit\/\" class=\"more-link\"><span class=\"screen-reader-text\">Hurra Oma und Opa-Zeit!!!<\/span> weiterlesen <span class=\"meta-nav\">&rarr;<\/span><\/a><\/p>\n","protected":false},"author":1,"featured_media":0,"comment_status":"closed","ping_status":"","sticky":false,"template":"","format":"standard","meta":[],"categories":[1],"tags":[],"_links":{"self":[{"href":"http:\/\/dachgeschoss.dnsalias.com\/wordpress\/wp-json\/wp\/v2\/posts\/102"}],"collection":[{"href":"http:\/\/dachgeschoss.dnsalias.com\/wordpress\/wp-json\/wp\/v2\/posts"}],"about":[{"href":"http:\/\/dachgeschoss.dnsalias.com\/wordpress\/wp-json\/wp\/v2\/types\/post"}],"author":[{"embeddable":true,"href":"http:\/\/dachgeschoss.dnsalias.com\/wordpress\/wp-json\/wp\/v2\/users\/1"}],"replies":[{"embeddable":true,"href":"http:\/\/dachgeschoss.dnsalias.com\/wordpress\/wp-json\/wp\/v2\/comments?post=102"}],"version-history":[{"count":1,"href":"http:\/\/dachgeschoss.dnsalias.com\/wordpress\/wp-json\/wp\/v2\/posts\/102\/revisions"}],"predecessor-version":[{"id":103,"href":"http:\/\/dachgeschoss.dnsalias.com\/wordpress\/wp-json\/wp\/v2\/posts\/102\/revisions\/103"}],"wp:attachment":[{"href":"http:\/\/dachgeschoss.dnsalias.com\/wordpress\/wp-json\/wp\/v2\/media?parent=102"}],"wp:term":[{"taxonomy":"category","embeddable":true,"href":"http:\/\/dachgeschoss.dnsalias.com\/wordpress\/wp-json\/wp\/v2\/categories?post=102"},{"taxonomy":"post_tag","embeddable":true,"href":"http:\/\/dachgeschoss.dnsalias.com\/wordpress\/wp-json\/wp\/v2\/tags?post=102"}],"curies":[{"name":"wp","href":"https:\/\/api.w.org\/{rel}","templated":true}]}}