{"id":100,"date":"2012-11-04T21:05:00","date_gmt":"2012-11-04T20:05:00","guid":{"rendered":"http:\/\/192.168.3.11\/wordpress\/?p=100"},"modified":"2024-01-30T17:43:36","modified_gmt":"2024-01-30T16:43:36","slug":"eine-kurze-auszeit","status":"publish","type":"post","link":"http:\/\/dachgeschoss.dnsalias.com\/wordpress\/2012\/11\/04\/eine-kurze-auszeit\/","title":{"rendered":"Eine kurze Auszeit"},"content":{"rendered":"\n<p>Hall\u00f6chen Ihr Lieben,<\/p>\n\n\n\n<p>ich habe mir mit Mama und Papa eine Woche Urlaub geg\u00f6nt und wir sind zu meinem alten Kindergartenkumpel Moritz gefahren. Er wohnt jetzt in der N\u00e4he von Bad T\u00f6lz in Lenggries. Sie haben sich eine wundersch\u00f6ne Gegend mitten in den Bergen ausgesucht und es waren ein paar tolle Tage bei ihnen. Moritz und ich haben uns sehr schnell wiederkannt und wir haben zusammen gelacht, geweint, gespielt, gestritten, sind Schlitten gefahren, haben Schneem\u00e4nner gebaut, haben gekuschelt und haben sogar in blauem Badewasser gebadet;-). Moritz ist jetzt auch nicht mehr allein. Er hat ein kleines Br\u00fcderchen namens Leo. Meine Mama hat diesen kleinen Wurm auch \u00f6fter auf dem Arm gehabt und sogar den Kinderwagen geschoben, was echt etwas zu weit f\u00fcr mich ging;-(. Na ja, Mama teilen zu m\u00fcssen, ist wohl f\u00fcr niemanden einfach. Aber sonst war es eine super Zeit bei Moritz. Danke alter Kumpel!!! Auch an deine Eltern ein gro\u00dfes Lob.<\/p>\n\n\n\n<p>Nach 3 Tagen sind Mama und Papa mit mir noch nach F\u00fcssen gefahren. Dort haben wir uns ein tolles Hotel genommen und haben gelebt wie der Kaiser. Jeden Tag haben wir ein \u00fcppiges Fr\u00fchst\u00fcck bekommen und sind sonst esses gegangen. Wir haben uns das Schloss Neuschwanstein angeguckt, sind mit der Gondel auf den Tegelberg gefahren und sind bis nach Tirol \u00fcber die Salober Alm gewandert. Die Gegend ist empfehlenswert. Danke f\u00fcr den Tipp Kirstin!!!!!!! Ich habe es genossen, bei Papa hinten in der Kraxe zu sitzen und durch die Berge getragen zu werden.<\/p>\n\n\n\n<p>So und nun sind wir wieder Zuhause und morgen habe ich Laternenumzug im Kindergarten juhu!!!!!!!!<\/p>\n\n\n\n<p>Ich w\u00fcnsche Euch allen einen guten Start in die neue Woche!<\/p>\n\n\n\n<p>Bis bald Euer Mattes<\/p>\n","protected":false},"excerpt":{"rendered":"<p>Hall\u00f6chen Ihr Lieben, ich habe mir mit Mama und Papa eine Woche Urlaub geg\u00f6nt und wir sind zu meinem alten Kindergartenkumpel Moritz gefahren. Er wohnt jetzt in der N\u00e4he von Bad T\u00f6lz in Lenggries. Sie haben sich eine wundersch\u00f6ne Gegend mitten in den Bergen ausgesucht und es waren ein paar tolle Tage bei ihnen. Moritz &hellip; <a href=\"http:\/\/dachgeschoss.dnsalias.com\/wordpress\/2012\/11\/04\/eine-kurze-auszeit\/\" class=\"more-link\"><span class=\"screen-reader-text\">Eine kurze Auszeit<\/span> weiterlesen <span class=\"meta-nav\">&rarr;<\/span><\/a><\/p>\n","protected":false},"author":1,"featured_media":0,"comment_status":"closed","ping_status":"","sticky":false,"template":"","format":"standard","meta":[],"categories":[1],"tags":[],"_links":{"self":[{"href":"http:\/\/dachgeschoss.dnsalias.com\/wordpress\/wp-json\/wp\/v2\/posts\/100"}],"collection":[{"href":"http:\/\/dachgeschoss.dnsalias.com\/wordpress\/wp-json\/wp\/v2\/posts"}],"about":[{"href":"http:\/\/dachgeschoss.dnsalias.com\/wordpress\/wp-json\/wp\/v2\/types\/post"}],"author":[{"embeddable":true,"href":"http:\/\/dachgeschoss.dnsalias.com\/wordpress\/wp-json\/wp\/v2\/users\/1"}],"replies":[{"embeddable":true,"href":"http:\/\/dachgeschoss.dnsalias.com\/wordpress\/wp-json\/wp\/v2\/comments?post=100"}],"version-history":[{"count":1,"href":"http:\/\/dachgeschoss.dnsalias.com\/wordpress\/wp-json\/wp\/v2\/posts\/100\/revisions"}],"predecessor-version":[{"id":101,"href":"http:\/\/dachgeschoss.dnsalias.com\/wordpress\/wp-json\/wp\/v2\/posts\/100\/revisions\/101"}],"wp:attachment":[{"href":"http:\/\/dachgeschoss.dnsalias.com\/wordpress\/wp-json\/wp\/v2\/media?parent=100"}],"wp:term":[{"taxonomy":"category","embeddable":true,"href":"http:\/\/dachgeschoss.dnsalias.com\/wordpress\/wp-json\/wp\/v2\/categories?post=100"},{"taxonomy":"post_tag","embeddable":true,"href":"http:\/\/dachgeschoss.dnsalias.com\/wordpress\/wp-json\/wp\/v2\/tags?post=100"}],"curies":[{"name":"wp","href":"https:\/\/api.w.org\/{rel}","templated":true}]}}